{"id":1301,"date":"2024-05-08T16:27:36","date_gmt":"2024-05-08T16:27:36","guid":{"rendered":"https:\/\/www.ibew-fioe2228.ca\/?p=1301"},"modified":"2024-05-08T16:27:22","modified_gmt":"2024-05-08T16:27:22","slug":"ratification-de-laccord-de-principe-avec-nav-canada","status":"publish","type":"post","link":"https:\/\/www.ibew-fioe2228.ca\/fr\/ratification-de-laccord-de-principe-avec-nav-canada\/","title":{"rendered":"Ratification de l\u2019accord de principe avec Nav Canada"},"content":{"rendered":"<p>J\u2019ai le plaisir d\u2019annoncer que les membres ont ratifi\u00e9 l\u2019accord de principe conclu avec Nav Canada.<\/p>\n<p>Nav Canada a \u00e9t\u00e9 avis\u00e9 et des plans sont en cours pour signer votre convention collective.<\/p>\n<p>Au cours des prochaines semaines, la section locale rencontrera l\u2019employeur pour signer la nouvelle convention collective. La section locale fera pression pour que le paiement du salaire r\u00e9troactif soit trait\u00e9 le plus rapidement possible. D\u2019autres dispositions du nouveau contrat sont maintenant en vigueur, \u00e0 compter de la date de ratification.<\/p>\n<p>Les r\u00e9sultats du vote sont les suivants\u00a0:<\/p>\n<p>55.8 % en faveur de la ratification<\/p>\n<p>44.2 % contre la ratification<\/p>\n<p>&nbsp;<\/p>\n<p>En toute solidarit\u00e9,<\/p>\n<p>Paul Cameron<\/p>\n<p>G\u00e9rant d\u2019affaires\/secr\u00e9taire financier<\/p>\n","protected":false},"excerpt":{"rendered":"<p>J\u2019ai le plaisir d\u2019annoncer que les membres ont ratifi\u00e9 l\u2019accord  [&#8230;]<\/p>\n","protected":false},"author":47,"featured_media":0,"comment_status":"open","ping_status":"open","sticky":false,"template":"","format":"standard","meta":{"_acf_changed":false,"footnotes":""},"categories":[45],"tags":[],"class_list":["post-1301","post","type-post","status-publish","format-standard","hentry","category-unite-de-negociation-nav-canada"],"acf":[],"yoast_head":"<!-- This site is optimized with the Yoast SEO plugin v27.3 - https:\/\/yoast.com\/product\/yoast-seo-wordpress\/ -->\n<title>Ratification de l\u2019accord de principe avec Nav Canada - IBEW-FIOE 2228<\/title>\n<meta name=\"description\" content=\"J\u2019ai le plaisir d\u2019annoncer que les membres ont ratifi\u00e9 l\u2019accord de principe conclu avec Nav Canada. Nav Canada a \u00e9t\u00e9 avis\u00e9 et des plans sont en cours pour\" \/>\n<meta name=\"robots\" content=\"index, follow, max-snippet:-1, max-image-preview:large, max-video-preview:-1\" \/>\n<link rel=\"canonical\" href=\"https:\/\/www.ibew-fioe2228.ca\/fr\/ratification-de-laccord-de-principe-avec-nav-canada\/\" \/>\n<meta property=\"og:locale\" content=\"fr_FR\" \/>\n<meta property=\"og:type\" content=\"article\" \/>\n<meta property=\"og:title\" content=\"Ratification de l\u2019accord de principe avec Nav Canada - IBEW-FIOE 2228\" \/>\n<meta property=\"og:description\" content=\"J\u2019ai le plaisir d\u2019annoncer que les membres ont ratifi\u00e9 l\u2019accord de principe conclu avec Nav Canada. Nav Canada a \u00e9t\u00e9 avis\u00e9 et des plans sont en cours pour\" \/>\n<meta property=\"og:url\" content=\"https:\/\/www.ibew-fioe2228.ca\/fr\/ratification-de-laccord-de-principe-avec-nav-canada\/\" \/>\n<meta property=\"og:site_name\" content=\"IBEW-FIOE 2228\" \/>\n<meta property=\"article:published_time\" content=\"2024-05-08T16:27:36+00:00\" \/>\n<meta property=\"og:image\" content=\"https:\/\/www.ibew-fioe2228.ca\/wp-content\/uploads\/2023\/01\/logo-1.png\" \/>\n\t<meta property=\"og:image:width\" content=\"125\" \/>\n\t<meta property=\"og:image:height\" content=\"78\" \/>\n\t<meta property=\"og:image:type\" content=\"image\/png\" \/>\n<meta name=\"author\" content=\"Aryane Bertrand-Lavigne\" \/>\n<meta name=\"twitter:card\" content=\"summary_large_image\" \/>\n<meta name=\"twitter:label1\" content=\"\u00c9crit par\" \/>\n\t<meta name=\"twitter:data1\" content=\"Aryane Bertrand-Lavigne\" \/>\n\t<meta name=\"twitter:label2\" content=\"Dur\u00e9e de lecture estim\u00e9e\" \/>\n\t<meta name=\"twitter:data2\" content=\"1 minute\" \/>\n<script type=\"application\/ld+json\" class=\"yoast-schema-graph\">{\"@context\":\"https:\\\/\\\/schema.org\",\"@graph\":[{\"@type\":\"Article\",\"@id\":\"https:\\\/\\\/www.ibew-fioe2228.ca\\\/fr\\\/ratification-de-laccord-de-principe-avec-nav-canada\\\/#article\",\"isPartOf\":{\"@id\":\"https:\\\/\\\/www.ibew-fioe2228.ca\\\/fr\\\/ratification-de-laccord-de-principe-avec-nav-canada\\\/\"},\"author\":{\"name\":\"Aryane Bertrand-Lavigne\",\"@id\":\"https:\\\/\\\/www.ibew-fioe2228.ca\\\/#\\\/schema\\\/person\\\/d819ef6acf02d4a87ab519fef5ffb655\"},\"headline\":\"Ratification de l\u2019accord de principe avec Nav Canada\",\"datePublished\":\"2024-05-08T16:27:36+00:00\",\"mainEntityOfPage\":{\"@id\":\"https:\\\/\\\/www.ibew-fioe2228.ca\\\/fr\\\/ratification-de-laccord-de-principe-avec-nav-canada\\\/\"},\"wordCount\":125,\"commentCount\":0,\"publisher\":{\"@id\":\"https:\\\/\\\/www.ibew-fioe2228.ca\\\/#organization\"},\"articleSection\":[\"Unit\u00e9 de N\u00e9gociation - Nav Canada\"],\"inLanguage\":\"fr-FR\",\"potentialAction\":[{\"@type\":\"CommentAction\",\"name\":\"Comment\",\"target\":[\"https:\\\/\\\/www.ibew-fioe2228.ca\\\/fr\\\/ratification-de-laccord-de-principe-avec-nav-canada\\\/#respond\"]}]},{\"@type\":\"WebPage\",\"@id\":\"https:\\\/\\\/www.ibew-fioe2228.ca\\\/fr\\\/ratification-de-laccord-de-principe-avec-nav-canada\\\/\",\"url\":\"https:\\\/\\\/www.ibew-fioe2228.ca\\\/fr\\\/ratification-de-laccord-de-principe-avec-nav-canada\\\/\",\"name\":\"Ratification de l\u2019accord de principe avec Nav Canada - IBEW-FIOE 2228\",\"isPartOf\":{\"@id\":\"https:\\\/\\\/www.ibew-fioe2228.ca\\\/#website\"},\"datePublished\":\"2024-05-08T16:27:36+00:00\",\"description\":\"J\u2019ai le plaisir d\u2019annoncer que les membres ont ratifi\u00e9 l\u2019accord de principe conclu avec Nav Canada. Nav Canada a \u00e9t\u00e9 avis\u00e9 et des plans sont en cours pour\",\"breadcrumb\":{\"@id\":\"https:\\\/\\\/www.ibew-fioe2228.ca\\\/fr\\\/ratification-de-laccord-de-principe-avec-nav-canada\\\/#breadcrumb\"},\"inLanguage\":\"fr-FR\",\"potentialAction\":[{\"@type\":\"ReadAction\",\"target\":[\"https:\\\/\\\/www.ibew-fioe2228.ca\\\/fr\\\/ratification-de-laccord-de-principe-avec-nav-canada\\\/\"]}]},{\"@type\":\"BreadcrumbList\",\"@id\":\"https:\\\/\\\/www.ibew-fioe2228.ca\\\/fr\\\/ratification-de-laccord-de-principe-avec-nav-canada\\\/#breadcrumb\",\"itemListElement\":[{\"@type\":\"ListItem\",\"position\":1,\"name\":\"Home\",\"item\":\"https:\\\/\\\/www.ibew-fioe2228.ca\\\/fr\\\/\"},{\"@type\":\"ListItem\",\"position\":2,\"name\":\"Unit\u00e9 de N\u00e9gociation - Nav Canada\",\"item\":\"https:\\\/\\\/www.ibew-fioe2228.ca\\\/fr\\\/category\\\/unite-de-negociation-nav-canada\\\/\"},{\"@type\":\"ListItem\",\"position\":3,\"name\":\"Ratification de l\u2019accord de principe avec Nav Canada\"}]},{\"@type\":\"WebSite\",\"@id\":\"https:\\\/\\\/www.ibew-fioe2228.ca\\\/#website\",\"url\":\"https:\\\/\\\/www.ibew-fioe2228.ca\\\/\",\"name\":\"IBEW-FIOE 2228\",\"description\":\"\",\"publisher\":{\"@id\":\"https:\\\/\\\/www.ibew-fioe2228.ca\\\/#organization\"},\"potentialAction\":[{\"@type\":\"SearchAction\",\"target\":{\"@type\":\"EntryPoint\",\"urlTemplate\":\"https:\\\/\\\/www.ibew-fioe2228.ca\\\/?s={search_term_string}\"},\"query-input\":{\"@type\":\"PropertyValueSpecification\",\"valueRequired\":true,\"valueName\":\"search_term_string\"}}],\"inLanguage\":\"fr-FR\"},{\"@type\":\"Organization\",\"@id\":\"https:\\\/\\\/www.ibew-fioe2228.ca\\\/#organization\",\"name\":\"IBEW-FIOE 2228\",\"url\":\"https:\\\/\\\/www.ibew-fioe2228.ca\\\/\",\"logo\":{\"@type\":\"ImageObject\",\"inLanguage\":\"fr-FR\",\"@id\":\"https:\\\/\\\/www.ibew-fioe2228.ca\\\/#\\\/schema\\\/logo\\\/image\\\/\",\"url\":\"https:\\\/\\\/www.ibew-fioe2228.ca\\\/wp-content\\\/uploads\\\/2023\\\/01\\\/logo-1.png\",\"contentUrl\":\"https:\\\/\\\/www.ibew-fioe2228.ca\\\/wp-content\\\/uploads\\\/2023\\\/01\\\/logo-1.png\",\"width\":125,\"height\":78,\"caption\":\"IBEW-FIOE 2228\"},\"image\":{\"@id\":\"https:\\\/\\\/www.ibew-fioe2228.ca\\\/#\\\/schema\\\/logo\\\/image\\\/\"}},{\"@type\":\"Person\",\"@id\":\"https:\\\/\\\/www.ibew-fioe2228.ca\\\/#\\\/schema\\\/person\\\/d819ef6acf02d4a87ab519fef5ffb655\",\"name\":\"Aryane Bertrand-Lavigne\",\"image\":{\"@type\":\"ImageObject\",\"inLanguage\":\"fr-FR\",\"@id\":\"https:\\\/\\\/secure.gravatar.com\\\/avatar\\\/61eac0bca1bb28a758240593a0c2468cf80a99b53b01fc487f10de0c24b536fe?s=96&d=mm&r=g\",\"url\":\"https:\\\/\\\/secure.gravatar.com\\\/avatar\\\/61eac0bca1bb28a758240593a0c2468cf80a99b53b01fc487f10de0c24b536fe?s=96&d=mm&r=g\",\"contentUrl\":\"https:\\\/\\\/secure.gravatar.com\\\/avatar\\\/61eac0bca1bb28a758240593a0c2468cf80a99b53b01fc487f10de0c24b536fe?s=96&d=mm&r=g\",\"caption\":\"Aryane Bertrand-Lavigne\"},\"url\":\"https:\\\/\\\/www.ibew-fioe2228.ca\\\/fr\\\/author\\\/aryane-bertrandlavigneibew2228-ca\\\/\"}]}<\/script>\n<!-- \/ Yoast SEO plugin. -->","yoast_head_json":{"title":"Ratification de l\u2019accord de principe avec Nav Canada - IBEW-FIOE 2228","description":"J\u2019ai le plaisir d\u2019annoncer que les membres ont ratifi\u00e9 l\u2019accord de principe conclu avec Nav Canada. Nav Canada a \u00e9t\u00e9 avis\u00e9 et des plans sont en cours pour","robots":{"index":"index","follow":"follow","max-snippet":"max-snippet:-1","max-image-preview":"max-image-preview:large","max-video-preview":"max-video-preview:-1"},"canonical":"https:\/\/www.ibew-fioe2228.ca\/fr\/ratification-de-laccord-de-principe-avec-nav-canada\/","og_locale":"fr_FR","og_type":"article","og_title":"Ratification de l\u2019accord de principe avec Nav Canada - IBEW-FIOE 2228","og_description":"J\u2019ai le plaisir d\u2019annoncer que les membres ont ratifi\u00e9 l\u2019accord de principe conclu avec Nav Canada. Nav Canada a \u00e9t\u00e9 avis\u00e9 et des plans sont en cours pour","og_url":"https:\/\/www.ibew-fioe2228.ca\/fr\/ratification-de-laccord-de-principe-avec-nav-canada\/","og_site_name":"IBEW-FIOE 2228","article_published_time":"2024-05-08T16:27:36+00:00","og_image":[{"width":125,"height":78,"url":"https:\/\/www.ibew-fioe2228.ca\/wp-content\/uploads\/2023\/01\/logo-1.png","type":"image\/png"}],"author":"Aryane Bertrand-Lavigne","twitter_card":"summary_large_image","twitter_misc":{"\u00c9crit par":"Aryane Bertrand-Lavigne","Dur\u00e9e de lecture estim\u00e9e":"1 minute"},"schema":{"@context":"https:\/\/schema.org","@graph":[{"@type":"Article","@id":"https:\/\/www.ibew-fioe2228.ca\/fr\/ratification-de-laccord-de-principe-avec-nav-canada\/#article","isPartOf":{"@id":"https:\/\/www.ibew-fioe2228.ca\/fr\/ratification-de-laccord-de-principe-avec-nav-canada\/"},"author":{"name":"Aryane Bertrand-Lavigne","@id":"https:\/\/www.ibew-fioe2228.ca\/#\/schema\/person\/d819ef6acf02d4a87ab519fef5ffb655"},"headline":"Ratification de l\u2019accord de principe avec Nav Canada","datePublished":"2024-05-08T16:27:36+00:00","mainEntityOfPage":{"@id":"https:\/\/www.ibew-fioe2228.ca\/fr\/ratification-de-laccord-de-principe-avec-nav-canada\/"},"wordCount":125,"commentCount":0,"publisher":{"@id":"https:\/\/www.ibew-fioe2228.ca\/#organization"},"articleSection":["Unit\u00e9 de N\u00e9gociation - Nav Canada"],"inLanguage":"fr-FR","potentialAction":[{"@type":"CommentAction","name":"Comment","target":["https:\/\/www.ibew-fioe2228.ca\/fr\/ratification-de-laccord-de-principe-avec-nav-canada\/#respond"]}]},{"@type":"WebPage","@id":"https:\/\/www.ibew-fioe2228.ca\/fr\/ratification-de-laccord-de-principe-avec-nav-canada\/","url":"https:\/\/www.ibew-fioe2228.ca\/fr\/ratification-de-laccord-de-principe-avec-nav-canada\/","name":"Ratification de l\u2019accord de principe avec Nav Canada - IBEW-FIOE 2228","isPartOf":{"@id":"https:\/\/www.ibew-fioe2228.ca\/#website"},"datePublished":"2024-05-08T16:27:36+00:00","description":"J\u2019ai le plaisir d\u2019annoncer que les membres ont ratifi\u00e9 l\u2019accord de principe conclu avec Nav Canada. Nav Canada a \u00e9t\u00e9 avis\u00e9 et des plans sont en cours pour","breadcrumb":{"@id":"https:\/\/www.ibew-fioe2228.ca\/fr\/ratification-de-laccord-de-principe-avec-nav-canada\/#breadcrumb"},"inLanguage":"fr-FR","potentialAction":[{"@type":"ReadAction","target":["https:\/\/www.ibew-fioe2228.ca\/fr\/ratification-de-laccord-de-principe-avec-nav-canada\/"]}]},{"@type":"BreadcrumbList","@id":"https:\/\/www.ibew-fioe2228.ca\/fr\/ratification-de-laccord-de-principe-avec-nav-canada\/#breadcrumb","itemListElement":[{"@type":"ListItem","position":1,"name":"Home","item":"https:\/\/www.ibew-fioe2228.ca\/fr\/"},{"@type":"ListItem","position":2,"name":"Unit\u00e9 de N\u00e9gociation - Nav Canada","item":"https:\/\/www.ibew-fioe2228.ca\/fr\/category\/unite-de-negociation-nav-canada\/"},{"@type":"ListItem","position":3,"name":"Ratification de l\u2019accord de principe avec Nav Canada"}]},{"@type":"WebSite","@id":"https:\/\/www.ibew-fioe2228.ca\/#website","url":"https:\/\/www.ibew-fioe2228.ca\/","name":"IBEW-FIOE 2228","description":"","publisher":{"@id":"https:\/\/www.ibew-fioe2228.ca\/#organization"},"potentialAction":[{"@type":"SearchAction","target":{"@type":"EntryPoint","urlTemplate":"https:\/\/www.ibew-fioe2228.ca\/?s={search_term_string}"},"query-input":{"@type":"PropertyValueSpecification","valueRequired":true,"valueName":"search_term_string"}}],"inLanguage":"fr-FR"},{"@type":"Organization","@id":"https:\/\/www.ibew-fioe2228.ca\/#organization","name":"IBEW-FIOE 2228","url":"https:\/\/www.ibew-fioe2228.ca\/","logo":{"@type":"ImageObject","inLanguage":"fr-FR","@id":"https:\/\/www.ibew-fioe2228.ca\/#\/schema\/logo\/image\/","url":"https:\/\/www.ibew-fioe2228.ca\/wp-content\/uploads\/2023\/01\/logo-1.png","contentUrl":"https:\/\/www.ibew-fioe2228.ca\/wp-content\/uploads\/2023\/01\/logo-1.png","width":125,"height":78,"caption":"IBEW-FIOE 2228"},"image":{"@id":"https:\/\/www.ibew-fioe2228.ca\/#\/schema\/logo\/image\/"}},{"@type":"Person","@id":"https:\/\/www.ibew-fioe2228.ca\/#\/schema\/person\/d819ef6acf02d4a87ab519fef5ffb655","name":"Aryane Bertrand-Lavigne","image":{"@type":"ImageObject","inLanguage":"fr-FR","@id":"https:\/\/secure.gravatar.com\/avatar\/61eac0bca1bb28a758240593a0c2468cf80a99b53b01fc487f10de0c24b536fe?s=96&d=mm&r=g","url":"https:\/\/secure.gravatar.com\/avatar\/61eac0bca1bb28a758240593a0c2468cf80a99b53b01fc487f10de0c24b536fe?s=96&d=mm&r=g","contentUrl":"https:\/\/secure.gravatar.com\/avatar\/61eac0bca1bb28a758240593a0c2468cf80a99b53b01fc487f10de0c24b536fe?s=96&d=mm&r=g","caption":"Aryane Bertrand-Lavigne"},"url":"https:\/\/www.ibew-fioe2228.ca\/fr\/author\/aryane-bertrandlavigneibew2228-ca\/"}]}},"_links":{"self":[{"href":"https:\/\/www.ibew-fioe2228.ca\/fr\/wp-json\/wp\/v2\/posts\/1301","targetHints":{"allow":["GET"]}}],"collection":[{"href":"https:\/\/www.ibew-fioe2228.ca\/fr\/wp-json\/wp\/v2\/posts"}],"about":[{"href":"https:\/\/www.ibew-fioe2228.ca\/fr\/wp-json\/wp\/v2\/types\/post"}],"author":[{"embeddable":true,"href":"https:\/\/www.ibew-fioe2228.ca\/fr\/wp-json\/wp\/v2\/users\/47"}],"replies":[{"embeddable":true,"href":"https:\/\/www.ibew-fioe2228.ca\/fr\/wp-json\/wp\/v2\/comments?post=1301"}],"version-history":[{"count":1,"href":"https:\/\/www.ibew-fioe2228.ca\/fr\/wp-json\/wp\/v2\/posts\/1301\/revisions"}],"predecessor-version":[{"id":1302,"href":"https:\/\/www.ibew-fioe2228.ca\/fr\/wp-json\/wp\/v2\/posts\/1301\/revisions\/1302"}],"wp:attachment":[{"href":"https:\/\/www.ibew-fioe2228.ca\/fr\/wp-json\/wp\/v2\/media?parent=1301"}],"wp:term":[{"taxonomy":"category","embeddable":true,"href":"https:\/\/www.ibew-fioe2228.ca\/fr\/wp-json\/wp\/v2\/categories?post=1301"},{"taxonomy":"post_tag","embeddable":true,"href":"https:\/\/www.ibew-fioe2228.ca\/fr\/wp-json\/wp\/v2\/tags?post=1301"}],"curies":[{"name":"wp","href":"https:\/\/api.w.org\/{rel}","templated":true}]}}