{"id":1407,"date":"2024-08-01T13:53:48","date_gmt":"2024-08-01T13:53:48","guid":{"rendered":"https:\/\/www.ibew-fioe2228.ca\/?p=1407"},"modified":"2024-08-01T13:53:48","modified_gmt":"2024-08-01T13:53:48","slug":"formation-des-delegues-syndicaux-3","status":"publish","type":"post","link":"https:\/\/www.ibew-fioe2228.ca\/fr\/formation-des-delegues-syndicaux-3\/","title":{"rendered":"Formation des d\u00e9l\u00e9gu\u00e9s syndicaux"},"content":{"rendered":"<p>Mesdames, messieurs,<\/p>\n<p>&nbsp;<\/p>\n<p>Nous avons le plaisir d\u2019offrir une s\u00e9ance de formation en \u00e0 l\u2019intention des d\u00e9l\u00e9gu\u00e9s syndicaux et des d\u00e9l\u00e9gu\u00e9es syndicales \u00e0 Halifax le 14 et 15 novembre prochain.<\/p>\n<p>Voici les d\u00e9tails :<\/p>\n<p><strong>Date limite d\u2019inscription : 1er octobre 2024<\/strong><\/p>\n<p>Si vous voulez assister \u00e0 le formations, veuillez vous inscrire en remplissant le formulaire d\u2019inscription<strong> <a href=\"https:\/\/www.surveymonkey.com\/r\/YNDK3RT\">ICI<\/a><\/strong> et en le soumettant au Bureau d\u2019affaires d\u2019ici le 1er octobre.<\/p>\n<p>Veuillez noter qu\u2019en raison de la disponibilit\u00e9 et de l\u2019espace limit\u00e9s, les inscriptions seront trait\u00e9es en priorit\u00e9 afin de s\u2019assurer que les nouveaux d\u00e9l\u00e9gu\u00e9s syndicaux et les nouvelles d\u00e9l\u00e9gu\u00e9es syndicales aient la possibilit\u00e9 d\u2019y participer.\u00a0 La priorit\u00e9 sera ensuite accord\u00e9e en suivant le principe du premier arriv\u00e9 premier servi, pour une formation d\u2019appoint des d\u00e9l\u00e9gu\u00e9es et d\u00e9l\u00e9gu\u00e9s syndicaux plus exp\u00e9riment\u00e9s.<\/p>\n<p>Ce n\u2019est qu\u2019apr\u00e8s avoir re\u00e7u du Bureau d\u2019affaires la confirmation de votre participation \u00e0 la formation \u00e0 l\u2019intention des d\u00e9l\u00e9gu\u00e9s syndicaux et des d\u00e9l\u00e9gu\u00e9es syndicales que vous pourrez r\u00e9server votre voyage et votre h\u00e9bergement. Pour des raisons de planification, vous devrez arriver la veille du d\u00e9but de la formation, et vous pourrez partir le soir de la fin du cours ou le lendemain. Vos frais de d\u00e9placement et d\u2019h\u00e9bergement seront couverts par la section locale.<\/p>\n<p>&nbsp;<\/p>\n<p>Pour l\u2019h\u00e9bergement \u00e0 l\u2019h\u00f4tel, veuillez communiquer avec Aryane Bertrand-Lavigne a aryane.bertrandlavigne@ibew2228.ca ou par telephone au 613-725-3608.<\/p>\n<p>Pour les r\u00e9servations de voyage, veuillez communiquer avec WE Voyages au 613-232-9908.<\/p>\n<p>Notre objectif est de rendre cette formation int\u00e9ressante, informative et divertissante et je me r\u00e9jouis de vous y accueillir.<\/p>\n<p>&nbsp;<\/p>\n<p>Meaghan Olmstead<\/p>\n<p>G\u00e9rante d\u2019affaires adjointe<\/p>\n","protected":false},"excerpt":{"rendered":"<p>Mesdames, messieurs, &nbsp; Nous avons le plaisir d\u2019offrir une s\u00e9ance  [&#8230;]<\/p>\n","protected":false},"author":47,"featured_media":0,"comment_status":"open","ping_status":"open","sticky":false,"template":"","format":"standard","meta":{"_acf_changed":false,"footnotes":""},"categories":[2],"tags":[],"class_list":["post-1407","post","type-post","status-publish","format-standard","hentry","category-actualites"],"acf":[],"yoast_head":"<!-- This site is optimized with the Yoast SEO plugin v27.3 - https:\/\/yoast.com\/product\/yoast-seo-wordpress\/ -->\n<title>Formation des d\u00e9l\u00e9gu\u00e9s syndicaux - IBEW-FIOE 2228<\/title>\n<meta name=\"description\" content=\"Mesdames, messieurs, &nbsp; Nous avons le plaisir d\u2019offrir une s\u00e9ance de formation en \u00e0 l\u2019intention des d\u00e9l\u00e9gu\u00e9s syndicaux et des d\u00e9l\u00e9gu\u00e9es syndicales \u00e0\" \/>\n<meta name=\"robots\" content=\"index, follow, max-snippet:-1, max-image-preview:large, max-video-preview:-1\" \/>\n<link rel=\"canonical\" href=\"https:\/\/www.ibew-fioe2228.ca\/fr\/formation-des-delegues-syndicaux-3\/\" \/>\n<meta property=\"og:locale\" content=\"fr_FR\" \/>\n<meta property=\"og:type\" content=\"article\" \/>\n<meta property=\"og:title\" content=\"Formation des d\u00e9l\u00e9gu\u00e9s syndicaux - IBEW-FIOE 2228\" \/>\n<meta property=\"og:description\" content=\"Mesdames, messieurs, &nbsp; Nous avons le plaisir d\u2019offrir une s\u00e9ance de formation en \u00e0 l\u2019intention des d\u00e9l\u00e9gu\u00e9s syndicaux et des d\u00e9l\u00e9gu\u00e9es syndicales \u00e0\" \/>\n<meta property=\"og:url\" content=\"https:\/\/www.ibew-fioe2228.ca\/fr\/formation-des-delegues-syndicaux-3\/\" \/>\n<meta property=\"og:site_name\" content=\"IBEW-FIOE 2228\" \/>\n<meta property=\"article:published_time\" content=\"2024-08-01T13:53:48+00:00\" \/>\n<meta property=\"og:image\" content=\"https:\/\/www.ibew-fioe2228.ca\/wp-content\/uploads\/2023\/01\/logo-1.png\" \/>\n\t<meta property=\"og:image:width\" content=\"125\" \/>\n\t<meta property=\"og:image:height\" content=\"78\" \/>\n\t<meta property=\"og:image:type\" content=\"image\/png\" \/>\n<meta name=\"author\" content=\"Aryane Bertrand-Lavigne\" \/>\n<meta name=\"twitter:card\" content=\"summary_large_image\" \/>\n<meta name=\"twitter:label1\" content=\"\u00c9crit par\" \/>\n\t<meta name=\"twitter:data1\" content=\"Aryane Bertrand-Lavigne\" \/>\n\t<meta name=\"twitter:label2\" content=\"Dur\u00e9e de lecture estim\u00e9e\" \/>\n\t<meta name=\"twitter:data2\" content=\"2 minutes\" \/>\n<script type=\"application\/ld+json\" class=\"yoast-schema-graph\">{\"@context\":\"https:\\\/\\\/schema.org\",\"@graph\":[{\"@type\":\"Article\",\"@id\":\"https:\\\/\\\/www.ibew-fioe2228.ca\\\/fr\\\/formation-des-delegues-syndicaux-3\\\/#article\",\"isPartOf\":{\"@id\":\"https:\\\/\\\/www.ibew-fioe2228.ca\\\/fr\\\/formation-des-delegues-syndicaux-3\\\/\"},\"author\":{\"name\":\"Aryane Bertrand-Lavigne\",\"@id\":\"https:\\\/\\\/www.ibew-fioe2228.ca\\\/#\\\/schema\\\/person\\\/d819ef6acf02d4a87ab519fef5ffb655\"},\"headline\":\"Formation des d\u00e9l\u00e9gu\u00e9s syndicaux\",\"datePublished\":\"2024-08-01T13:53:48+00:00\",\"mainEntityOfPage\":{\"@id\":\"https:\\\/\\\/www.ibew-fioe2228.ca\\\/fr\\\/formation-des-delegues-syndicaux-3\\\/\"},\"wordCount\":321,\"commentCount\":0,\"publisher\":{\"@id\":\"https:\\\/\\\/www.ibew-fioe2228.ca\\\/#organization\"},\"articleSection\":[\"Actualit\u00e9s\"],\"inLanguage\":\"fr-FR\",\"potentialAction\":[{\"@type\":\"CommentAction\",\"name\":\"Comment\",\"target\":[\"https:\\\/\\\/www.ibew-fioe2228.ca\\\/fr\\\/formation-des-delegues-syndicaux-3\\\/#respond\"]}]},{\"@type\":\"WebPage\",\"@id\":\"https:\\\/\\\/www.ibew-fioe2228.ca\\\/fr\\\/formation-des-delegues-syndicaux-3\\\/\",\"url\":\"https:\\\/\\\/www.ibew-fioe2228.ca\\\/fr\\\/formation-des-delegues-syndicaux-3\\\/\",\"name\":\"Formation des d\u00e9l\u00e9gu\u00e9s syndicaux - IBEW-FIOE 2228\",\"isPartOf\":{\"@id\":\"https:\\\/\\\/www.ibew-fioe2228.ca\\\/#website\"},\"datePublished\":\"2024-08-01T13:53:48+00:00\",\"description\":\"Mesdames, messieurs, &nbsp; Nous avons le plaisir d\u2019offrir une s\u00e9ance de formation en \u00e0 l\u2019intention des d\u00e9l\u00e9gu\u00e9s syndicaux et des d\u00e9l\u00e9gu\u00e9es syndicales \u00e0\",\"breadcrumb\":{\"@id\":\"https:\\\/\\\/www.ibew-fioe2228.ca\\\/fr\\\/formation-des-delegues-syndicaux-3\\\/#breadcrumb\"},\"inLanguage\":\"fr-FR\",\"potentialAction\":[{\"@type\":\"ReadAction\",\"target\":[\"https:\\\/\\\/www.ibew-fioe2228.ca\\\/fr\\\/formation-des-delegues-syndicaux-3\\\/\"]}]},{\"@type\":\"BreadcrumbList\",\"@id\":\"https:\\\/\\\/www.ibew-fioe2228.ca\\\/fr\\\/formation-des-delegues-syndicaux-3\\\/#breadcrumb\",\"itemListElement\":[{\"@type\":\"ListItem\",\"position\":1,\"name\":\"Home\",\"item\":\"https:\\\/\\\/www.ibew-fioe2228.ca\\\/fr\\\/\"},{\"@type\":\"ListItem\",\"position\":2,\"name\":\"Actualit\u00e9s\",\"item\":\"https:\\\/\\\/www.ibew-fioe2228.ca\\\/fr\\\/category\\\/actualites\\\/\"},{\"@type\":\"ListItem\",\"position\":3,\"name\":\"Formation des d\u00e9l\u00e9gu\u00e9s syndicaux\"}]},{\"@type\":\"WebSite\",\"@id\":\"https:\\\/\\\/www.ibew-fioe2228.ca\\\/#website\",\"url\":\"https:\\\/\\\/www.ibew-fioe2228.ca\\\/\",\"name\":\"IBEW-FIOE 2228\",\"description\":\"\",\"publisher\":{\"@id\":\"https:\\\/\\\/www.ibew-fioe2228.ca\\\/#organization\"},\"potentialAction\":[{\"@type\":\"SearchAction\",\"target\":{\"@type\":\"EntryPoint\",\"urlTemplate\":\"https:\\\/\\\/www.ibew-fioe2228.ca\\\/?s={search_term_string}\"},\"query-input\":{\"@type\":\"PropertyValueSpecification\",\"valueRequired\":true,\"valueName\":\"search_term_string\"}}],\"inLanguage\":\"fr-FR\"},{\"@type\":\"Organization\",\"@id\":\"https:\\\/\\\/www.ibew-fioe2228.ca\\\/#organization\",\"name\":\"IBEW-FIOE 2228\",\"url\":\"https:\\\/\\\/www.ibew-fioe2228.ca\\\/\",\"logo\":{\"@type\":\"ImageObject\",\"inLanguage\":\"fr-FR\",\"@id\":\"https:\\\/\\\/www.ibew-fioe2228.ca\\\/#\\\/schema\\\/logo\\\/image\\\/\",\"url\":\"https:\\\/\\\/www.ibew-fioe2228.ca\\\/wp-content\\\/uploads\\\/2023\\\/01\\\/logo-1.png\",\"contentUrl\":\"https:\\\/\\\/www.ibew-fioe2228.ca\\\/wp-content\\\/uploads\\\/2023\\\/01\\\/logo-1.png\",\"width\":125,\"height\":78,\"caption\":\"IBEW-FIOE 2228\"},\"image\":{\"@id\":\"https:\\\/\\\/www.ibew-fioe2228.ca\\\/#\\\/schema\\\/logo\\\/image\\\/\"}},{\"@type\":\"Person\",\"@id\":\"https:\\\/\\\/www.ibew-fioe2228.ca\\\/#\\\/schema\\\/person\\\/d819ef6acf02d4a87ab519fef5ffb655\",\"name\":\"Aryane Bertrand-Lavigne\",\"image\":{\"@type\":\"ImageObject\",\"inLanguage\":\"fr-FR\",\"@id\":\"https:\\\/\\\/secure.gravatar.com\\\/avatar\\\/61eac0bca1bb28a758240593a0c2468cf80a99b53b01fc487f10de0c24b536fe?s=96&d=mm&r=g\",\"url\":\"https:\\\/\\\/secure.gravatar.com\\\/avatar\\\/61eac0bca1bb28a758240593a0c2468cf80a99b53b01fc487f10de0c24b536fe?s=96&d=mm&r=g\",\"contentUrl\":\"https:\\\/\\\/secure.gravatar.com\\\/avatar\\\/61eac0bca1bb28a758240593a0c2468cf80a99b53b01fc487f10de0c24b536fe?s=96&d=mm&r=g\",\"caption\":\"Aryane Bertrand-Lavigne\"},\"url\":\"https:\\\/\\\/www.ibew-fioe2228.ca\\\/fr\\\/author\\\/aryane-bertrandlavigneibew2228-ca\\\/\"}]}<\/script>\n<!-- \/ Yoast SEO plugin. -->","yoast_head_json":{"title":"Formation des d\u00e9l\u00e9gu\u00e9s syndicaux - IBEW-FIOE 2228","description":"Mesdames, messieurs, &nbsp; Nous avons le plaisir d\u2019offrir une s\u00e9ance de formation en \u00e0 l\u2019intention des d\u00e9l\u00e9gu\u00e9s syndicaux et des d\u00e9l\u00e9gu\u00e9es syndicales \u00e0","robots":{"index":"index","follow":"follow","max-snippet":"max-snippet:-1","max-image-preview":"max-image-preview:large","max-video-preview":"max-video-preview:-1"},"canonical":"https:\/\/www.ibew-fioe2228.ca\/fr\/formation-des-delegues-syndicaux-3\/","og_locale":"fr_FR","og_type":"article","og_title":"Formation des d\u00e9l\u00e9gu\u00e9s syndicaux - IBEW-FIOE 2228","og_description":"Mesdames, messieurs, &nbsp; Nous avons le plaisir d\u2019offrir une s\u00e9ance de formation en \u00e0 l\u2019intention des d\u00e9l\u00e9gu\u00e9s syndicaux et des d\u00e9l\u00e9gu\u00e9es syndicales \u00e0","og_url":"https:\/\/www.ibew-fioe2228.ca\/fr\/formation-des-delegues-syndicaux-3\/","og_site_name":"IBEW-FIOE 2228","article_published_time":"2024-08-01T13:53:48+00:00","og_image":[{"width":125,"height":78,"url":"https:\/\/www.ibew-fioe2228.ca\/wp-content\/uploads\/2023\/01\/logo-1.png","type":"image\/png"}],"author":"Aryane Bertrand-Lavigne","twitter_card":"summary_large_image","twitter_misc":{"\u00c9crit par":"Aryane Bertrand-Lavigne","Dur\u00e9e de lecture estim\u00e9e":"2 minutes"},"schema":{"@context":"https:\/\/schema.org","@graph":[{"@type":"Article","@id":"https:\/\/www.ibew-fioe2228.ca\/fr\/formation-des-delegues-syndicaux-3\/#article","isPartOf":{"@id":"https:\/\/www.ibew-fioe2228.ca\/fr\/formation-des-delegues-syndicaux-3\/"},"author":{"name":"Aryane Bertrand-Lavigne","@id":"https:\/\/www.ibew-fioe2228.ca\/#\/schema\/person\/d819ef6acf02d4a87ab519fef5ffb655"},"headline":"Formation des d\u00e9l\u00e9gu\u00e9s syndicaux","datePublished":"2024-08-01T13:53:48+00:00","mainEntityOfPage":{"@id":"https:\/\/www.ibew-fioe2228.ca\/fr\/formation-des-delegues-syndicaux-3\/"},"wordCount":321,"commentCount":0,"publisher":{"@id":"https:\/\/www.ibew-fioe2228.ca\/#organization"},"articleSection":["Actualit\u00e9s"],"inLanguage":"fr-FR","potentialAction":[{"@type":"CommentAction","name":"Comment","target":["https:\/\/www.ibew-fioe2228.ca\/fr\/formation-des-delegues-syndicaux-3\/#respond"]}]},{"@type":"WebPage","@id":"https:\/\/www.ibew-fioe2228.ca\/fr\/formation-des-delegues-syndicaux-3\/","url":"https:\/\/www.ibew-fioe2228.ca\/fr\/formation-des-delegues-syndicaux-3\/","name":"Formation des d\u00e9l\u00e9gu\u00e9s syndicaux - IBEW-FIOE 2228","isPartOf":{"@id":"https:\/\/www.ibew-fioe2228.ca\/#website"},"datePublished":"2024-08-01T13:53:48+00:00","description":"Mesdames, messieurs, &nbsp; Nous avons le plaisir d\u2019offrir une s\u00e9ance de formation en \u00e0 l\u2019intention des d\u00e9l\u00e9gu\u00e9s syndicaux et des d\u00e9l\u00e9gu\u00e9es syndicales \u00e0","breadcrumb":{"@id":"https:\/\/www.ibew-fioe2228.ca\/fr\/formation-des-delegues-syndicaux-3\/#breadcrumb"},"inLanguage":"fr-FR","potentialAction":[{"@type":"ReadAction","target":["https:\/\/www.ibew-fioe2228.ca\/fr\/formation-des-delegues-syndicaux-3\/"]}]},{"@type":"BreadcrumbList","@id":"https:\/\/www.ibew-fioe2228.ca\/fr\/formation-des-delegues-syndicaux-3\/#breadcrumb","itemListElement":[{"@type":"ListItem","position":1,"name":"Home","item":"https:\/\/www.ibew-fioe2228.ca\/fr\/"},{"@type":"ListItem","position":2,"name":"Actualit\u00e9s","item":"https:\/\/www.ibew-fioe2228.ca\/fr\/category\/actualites\/"},{"@type":"ListItem","position":3,"name":"Formation des d\u00e9l\u00e9gu\u00e9s syndicaux"}]},{"@type":"WebSite","@id":"https:\/\/www.ibew-fioe2228.ca\/#website","url":"https:\/\/www.ibew-fioe2228.ca\/","name":"IBEW-FIOE 2228","description":"","publisher":{"@id":"https:\/\/www.ibew-fioe2228.ca\/#organization"},"potentialAction":[{"@type":"SearchAction","target":{"@type":"EntryPoint","urlTemplate":"https:\/\/www.ibew-fioe2228.ca\/?s={search_term_string}"},"query-input":{"@type":"PropertyValueSpecification","valueRequired":true,"valueName":"search_term_string"}}],"inLanguage":"fr-FR"},{"@type":"Organization","@id":"https:\/\/www.ibew-fioe2228.ca\/#organization","name":"IBEW-FIOE 2228","url":"https:\/\/www.ibew-fioe2228.ca\/","logo":{"@type":"ImageObject","inLanguage":"fr-FR","@id":"https:\/\/www.ibew-fioe2228.ca\/#\/schema\/logo\/image\/","url":"https:\/\/www.ibew-fioe2228.ca\/wp-content\/uploads\/2023\/01\/logo-1.png","contentUrl":"https:\/\/www.ibew-fioe2228.ca\/wp-content\/uploads\/2023\/01\/logo-1.png","width":125,"height":78,"caption":"IBEW-FIOE 2228"},"image":{"@id":"https:\/\/www.ibew-fioe2228.ca\/#\/schema\/logo\/image\/"}},{"@type":"Person","@id":"https:\/\/www.ibew-fioe2228.ca\/#\/schema\/person\/d819ef6acf02d4a87ab519fef5ffb655","name":"Aryane Bertrand-Lavigne","image":{"@type":"ImageObject","inLanguage":"fr-FR","@id":"https:\/\/secure.gravatar.com\/avatar\/61eac0bca1bb28a758240593a0c2468cf80a99b53b01fc487f10de0c24b536fe?s=96&d=mm&r=g","url":"https:\/\/secure.gravatar.com\/avatar\/61eac0bca1bb28a758240593a0c2468cf80a99b53b01fc487f10de0c24b536fe?s=96&d=mm&r=g","contentUrl":"https:\/\/secure.gravatar.com\/avatar\/61eac0bca1bb28a758240593a0c2468cf80a99b53b01fc487f10de0c24b536fe?s=96&d=mm&r=g","caption":"Aryane Bertrand-Lavigne"},"url":"https:\/\/www.ibew-fioe2228.ca\/fr\/author\/aryane-bertrandlavigneibew2228-ca\/"}]}},"_links":{"self":[{"href":"https:\/\/www.ibew-fioe2228.ca\/fr\/wp-json\/wp\/v2\/posts\/1407","targetHints":{"allow":["GET"]}}],"collection":[{"href":"https:\/\/www.ibew-fioe2228.ca\/fr\/wp-json\/wp\/v2\/posts"}],"about":[{"href":"https:\/\/www.ibew-fioe2228.ca\/fr\/wp-json\/wp\/v2\/types\/post"}],"author":[{"embeddable":true,"href":"https:\/\/www.ibew-fioe2228.ca\/fr\/wp-json\/wp\/v2\/users\/47"}],"replies":[{"embeddable":true,"href":"https:\/\/www.ibew-fioe2228.ca\/fr\/wp-json\/wp\/v2\/comments?post=1407"}],"version-history":[{"count":3,"href":"https:\/\/www.ibew-fioe2228.ca\/fr\/wp-json\/wp\/v2\/posts\/1407\/revisions"}],"predecessor-version":[{"id":1413,"href":"https:\/\/www.ibew-fioe2228.ca\/fr\/wp-json\/wp\/v2\/posts\/1407\/revisions\/1413"}],"wp:attachment":[{"href":"https:\/\/www.ibew-fioe2228.ca\/fr\/wp-json\/wp\/v2\/media?parent=1407"}],"wp:term":[{"taxonomy":"category","embeddable":true,"href":"https:\/\/www.ibew-fioe2228.ca\/fr\/wp-json\/wp\/v2\/categories?post=1407"},{"taxonomy":"post_tag","embeddable":true,"href":"https:\/\/www.ibew-fioe2228.ca\/fr\/wp-json\/wp\/v2\/tags?post=1407"}],"curies":[{"name":"wp","href":"https:\/\/api.w.org\/{rel}","templated":true}]}}