{"id":1623,"date":"2024-10-03T12:26:08","date_gmt":"2024-10-03T12:26:08","guid":{"rendered":"https:\/\/www.ibew-fioe2228.ca\/?p=1623"},"modified":"2024-10-03T12:27:17","modified_gmt":"2024-10-03T12:27:17","slug":"reunion-trimestrielle-des-delegues-syndicaux-nationaux-4","status":"publish","type":"post","link":"https:\/\/www.ibew-fioe2228.ca\/fr\/reunion-trimestrielle-des-delegues-syndicaux-nationaux-4\/","title":{"rendered":"R\u00e9union trimestrielle des d\u00e9l\u00e9gu\u00e9s syndicaux nationaux"},"content":{"rendered":"<div class=\"fusion-content-tb fusion-content-tb-1\">\n<p>Chers d\u00e9l\u00e9gu\u00e9s syndicaux de la section 2228,<\/p>\n<p>&nbsp;<\/p>\n<p>Nous sommes heureux de poursuivre les appels trimestriels des d\u00e9l\u00e9gu\u00e9s syndicaux nationaux en 2024. Le prochaine date d\u2019appel est:<\/p>\n<p>&nbsp;<\/p>\n<p>29 octobre 2024 \u00e0 15 h<\/p>\n<p>*Les heures sont exprim\u00e9es en HE*<\/p>\n<p>&nbsp;<\/p>\n<p>Nous encourageons vivement tous les d\u00e9l\u00e9gu\u00e9s syndicaux actifs \u00e0 y participer dans la mesure du possible. Le bureau enverra les d\u00e9tails de Zoom par courriel \u00e0 tous les d\u00e9l\u00e9gu\u00e9s syndicaux actifs. <strong><u>Si vous n\u2019avez pas re\u00e7u ces invitations, veuillez communiquer avec le bureau et vous assurer que l\u2019adresse \u00e9lectronique que nous avons est la bonne. <\/u><\/strong><\/p>\n<p>&nbsp;<\/p>\n<p>Si quelqu\u2019un souhaite participer \u00e0 ces r\u00e9unions, mais ne s\u2019est pas encore inscrit comme d\u00e9l\u00e9gu\u00e9 syndical, veuillez communiquer avec le bureau pour vous inscrire ou avec l\u2019un des conseillers syndicaux si vous avez des questions sur la mani\u00e8re de participer.<\/p>\n<p>&nbsp;<\/p>\n<p>Solidairement,<\/p>\n<p>&nbsp;<\/p>\n<p>Meaghan Olmstead<\/p>\n<p>G\u00e9rante d\u2019affaires adjointe<\/p>\n<p>Section locale 2228 de la FIOE<\/p>\n<\/div>\n","protected":false},"excerpt":{"rendered":"<p>Chers d\u00e9l\u00e9gu\u00e9s syndicaux de la section 2228, &nbsp; Nous sommes  [&#8230;]<\/p>\n","protected":false},"author":47,"featured_media":0,"comment_status":"open","ping_status":"open","sticky":false,"template":"","format":"standard","meta":{"_acf_changed":false,"footnotes":""},"categories":[2],"tags":[],"class_list":["post-1623","post","type-post","status-publish","format-standard","hentry","category-actualites"],"acf":[],"yoast_head":"<!-- This site is optimized with the Yoast SEO plugin v27.3 - https:\/\/yoast.com\/product\/yoast-seo-wordpress\/ -->\n<title>R\u00e9union trimestrielle des d\u00e9l\u00e9gu\u00e9s syndicaux nationaux - IBEW-FIOE 2228<\/title>\n<meta name=\"description\" content=\"Chers d\u00e9l\u00e9gu\u00e9s syndicaux de la section 2228, &nbsp; Nous sommes heureux de poursuivre les appels trimestriels des d\u00e9l\u00e9gu\u00e9s syndicaux nationaux en 2024. Le\" \/>\n<meta name=\"robots\" content=\"index, follow, max-snippet:-1, max-image-preview:large, max-video-preview:-1\" \/>\n<link rel=\"canonical\" href=\"https:\/\/www.ibew-fioe2228.ca\/fr\/reunion-trimestrielle-des-delegues-syndicaux-nationaux-4\/\" \/>\n<meta property=\"og:locale\" content=\"fr_FR\" \/>\n<meta property=\"og:type\" content=\"article\" \/>\n<meta property=\"og:title\" content=\"R\u00e9union trimestrielle des d\u00e9l\u00e9gu\u00e9s syndicaux nationaux - IBEW-FIOE 2228\" \/>\n<meta property=\"og:description\" content=\"Chers d\u00e9l\u00e9gu\u00e9s syndicaux de la section 2228, &nbsp; Nous sommes heureux de poursuivre les appels trimestriels des d\u00e9l\u00e9gu\u00e9s syndicaux nationaux en 2024. Le\" \/>\n<meta property=\"og:url\" content=\"https:\/\/www.ibew-fioe2228.ca\/fr\/reunion-trimestrielle-des-delegues-syndicaux-nationaux-4\/\" \/>\n<meta property=\"og:site_name\" content=\"IBEW-FIOE 2228\" \/>\n<meta property=\"article:published_time\" content=\"2024-10-03T12:26:08+00:00\" \/>\n<meta property=\"article:modified_time\" content=\"2024-10-03T12:27:17+00:00\" \/>\n<meta property=\"og:image\" content=\"https:\/\/www.ibew-fioe2228.ca\/wp-content\/uploads\/2023\/01\/logo-1.png\" \/>\n\t<meta property=\"og:image:width\" content=\"125\" \/>\n\t<meta property=\"og:image:height\" content=\"78\" \/>\n\t<meta property=\"og:image:type\" content=\"image\/png\" \/>\n<meta name=\"author\" content=\"Aryane Bertrand-Lavigne\" \/>\n<meta name=\"twitter:card\" content=\"summary_large_image\" \/>\n<meta name=\"twitter:label1\" content=\"\u00c9crit par\" \/>\n\t<meta name=\"twitter:data1\" content=\"Aryane Bertrand-Lavigne\" \/>\n<script type=\"application\/ld+json\" class=\"yoast-schema-graph\">{\"@context\":\"https:\\\/\\\/schema.org\",\"@graph\":[{\"@type\":\"Article\",\"@id\":\"https:\\\/\\\/www.ibew-fioe2228.ca\\\/fr\\\/reunion-trimestrielle-des-delegues-syndicaux-nationaux-4\\\/#article\",\"isPartOf\":{\"@id\":\"https:\\\/\\\/www.ibew-fioe2228.ca\\\/fr\\\/reunion-trimestrielle-des-delegues-syndicaux-nationaux-4\\\/\"},\"author\":{\"name\":\"Aryane Bertrand-Lavigne\",\"@id\":\"https:\\\/\\\/www.ibew-fioe2228.ca\\\/#\\\/schema\\\/person\\\/d819ef6acf02d4a87ab519fef5ffb655\"},\"headline\":\"R\u00e9union trimestrielle des d\u00e9l\u00e9gu\u00e9s syndicaux nationaux\",\"datePublished\":\"2024-10-03T12:26:08+00:00\",\"dateModified\":\"2024-10-03T12:27:17+00:00\",\"mainEntityOfPage\":{\"@id\":\"https:\\\/\\\/www.ibew-fioe2228.ca\\\/fr\\\/reunion-trimestrielle-des-delegues-syndicaux-nationaux-4\\\/\"},\"wordCount\":178,\"commentCount\":0,\"publisher\":{\"@id\":\"https:\\\/\\\/www.ibew-fioe2228.ca\\\/#organization\"},\"articleSection\":[\"Actualit\u00e9s\"],\"inLanguage\":\"fr-FR\",\"potentialAction\":[{\"@type\":\"CommentAction\",\"name\":\"Comment\",\"target\":[\"https:\\\/\\\/www.ibew-fioe2228.ca\\\/fr\\\/reunion-trimestrielle-des-delegues-syndicaux-nationaux-4\\\/#respond\"]}]},{\"@type\":\"WebPage\",\"@id\":\"https:\\\/\\\/www.ibew-fioe2228.ca\\\/fr\\\/reunion-trimestrielle-des-delegues-syndicaux-nationaux-4\\\/\",\"url\":\"https:\\\/\\\/www.ibew-fioe2228.ca\\\/fr\\\/reunion-trimestrielle-des-delegues-syndicaux-nationaux-4\\\/\",\"name\":\"R\u00e9union trimestrielle des d\u00e9l\u00e9gu\u00e9s syndicaux nationaux - IBEW-FIOE 2228\",\"isPartOf\":{\"@id\":\"https:\\\/\\\/www.ibew-fioe2228.ca\\\/#website\"},\"datePublished\":\"2024-10-03T12:26:08+00:00\",\"dateModified\":\"2024-10-03T12:27:17+00:00\",\"description\":\"Chers d\u00e9l\u00e9gu\u00e9s syndicaux de la section 2228, &nbsp; Nous sommes heureux de poursuivre les appels trimestriels des d\u00e9l\u00e9gu\u00e9s syndicaux nationaux en 2024. Le\",\"breadcrumb\":{\"@id\":\"https:\\\/\\\/www.ibew-fioe2228.ca\\\/fr\\\/reunion-trimestrielle-des-delegues-syndicaux-nationaux-4\\\/#breadcrumb\"},\"inLanguage\":\"fr-FR\",\"potentialAction\":[{\"@type\":\"ReadAction\",\"target\":[\"https:\\\/\\\/www.ibew-fioe2228.ca\\\/fr\\\/reunion-trimestrielle-des-delegues-syndicaux-nationaux-4\\\/\"]}]},{\"@type\":\"BreadcrumbList\",\"@id\":\"https:\\\/\\\/www.ibew-fioe2228.ca\\\/fr\\\/reunion-trimestrielle-des-delegues-syndicaux-nationaux-4\\\/#breadcrumb\",\"itemListElement\":[{\"@type\":\"ListItem\",\"position\":1,\"name\":\"Home\",\"item\":\"https:\\\/\\\/www.ibew-fioe2228.ca\\\/fr\\\/\"},{\"@type\":\"ListItem\",\"position\":2,\"name\":\"Actualit\u00e9s\",\"item\":\"https:\\\/\\\/www.ibew-fioe2228.ca\\\/fr\\\/category\\\/actualites\\\/\"},{\"@type\":\"ListItem\",\"position\":3,\"name\":\"R\u00e9union trimestrielle des d\u00e9l\u00e9gu\u00e9s syndicaux nationaux\"}]},{\"@type\":\"WebSite\",\"@id\":\"https:\\\/\\\/www.ibew-fioe2228.ca\\\/#website\",\"url\":\"https:\\\/\\\/www.ibew-fioe2228.ca\\\/\",\"name\":\"IBEW-FIOE 2228\",\"description\":\"\",\"publisher\":{\"@id\":\"https:\\\/\\\/www.ibew-fioe2228.ca\\\/#organization\"},\"potentialAction\":[{\"@type\":\"SearchAction\",\"target\":{\"@type\":\"EntryPoint\",\"urlTemplate\":\"https:\\\/\\\/www.ibew-fioe2228.ca\\\/?s={search_term_string}\"},\"query-input\":{\"@type\":\"PropertyValueSpecification\",\"valueRequired\":true,\"valueName\":\"search_term_string\"}}],\"inLanguage\":\"fr-FR\"},{\"@type\":\"Organization\",\"@id\":\"https:\\\/\\\/www.ibew-fioe2228.ca\\\/#organization\",\"name\":\"IBEW-FIOE 2228\",\"url\":\"https:\\\/\\\/www.ibew-fioe2228.ca\\\/\",\"logo\":{\"@type\":\"ImageObject\",\"inLanguage\":\"fr-FR\",\"@id\":\"https:\\\/\\\/www.ibew-fioe2228.ca\\\/#\\\/schema\\\/logo\\\/image\\\/\",\"url\":\"https:\\\/\\\/www.ibew-fioe2228.ca\\\/wp-content\\\/uploads\\\/2023\\\/01\\\/logo-1.png\",\"contentUrl\":\"https:\\\/\\\/www.ibew-fioe2228.ca\\\/wp-content\\\/uploads\\\/2023\\\/01\\\/logo-1.png\",\"width\":125,\"height\":78,\"caption\":\"IBEW-FIOE 2228\"},\"image\":{\"@id\":\"https:\\\/\\\/www.ibew-fioe2228.ca\\\/#\\\/schema\\\/logo\\\/image\\\/\"}},{\"@type\":\"Person\",\"@id\":\"https:\\\/\\\/www.ibew-fioe2228.ca\\\/#\\\/schema\\\/person\\\/d819ef6acf02d4a87ab519fef5ffb655\",\"name\":\"Aryane Bertrand-Lavigne\",\"image\":{\"@type\":\"ImageObject\",\"inLanguage\":\"fr-FR\",\"@id\":\"https:\\\/\\\/secure.gravatar.com\\\/avatar\\\/61eac0bca1bb28a758240593a0c2468cf80a99b53b01fc487f10de0c24b536fe?s=96&d=mm&r=g\",\"url\":\"https:\\\/\\\/secure.gravatar.com\\\/avatar\\\/61eac0bca1bb28a758240593a0c2468cf80a99b53b01fc487f10de0c24b536fe?s=96&d=mm&r=g\",\"contentUrl\":\"https:\\\/\\\/secure.gravatar.com\\\/avatar\\\/61eac0bca1bb28a758240593a0c2468cf80a99b53b01fc487f10de0c24b536fe?s=96&d=mm&r=g\",\"caption\":\"Aryane Bertrand-Lavigne\"},\"url\":\"https:\\\/\\\/www.ibew-fioe2228.ca\\\/fr\\\/author\\\/aryane-bertrandlavigneibew2228-ca\\\/\"}]}<\/script>\n<!-- \/ Yoast SEO plugin. -->","yoast_head_json":{"title":"R\u00e9union trimestrielle des d\u00e9l\u00e9gu\u00e9s syndicaux nationaux - IBEW-FIOE 2228","description":"Chers d\u00e9l\u00e9gu\u00e9s syndicaux de la section 2228, &nbsp; Nous sommes heureux de poursuivre les appels trimestriels des d\u00e9l\u00e9gu\u00e9s syndicaux nationaux en 2024. Le","robots":{"index":"index","follow":"follow","max-snippet":"max-snippet:-1","max-image-preview":"max-image-preview:large","max-video-preview":"max-video-preview:-1"},"canonical":"https:\/\/www.ibew-fioe2228.ca\/fr\/reunion-trimestrielle-des-delegues-syndicaux-nationaux-4\/","og_locale":"fr_FR","og_type":"article","og_title":"R\u00e9union trimestrielle des d\u00e9l\u00e9gu\u00e9s syndicaux nationaux - IBEW-FIOE 2228","og_description":"Chers d\u00e9l\u00e9gu\u00e9s syndicaux de la section 2228, &nbsp; Nous sommes heureux de poursuivre les appels trimestriels des d\u00e9l\u00e9gu\u00e9s syndicaux nationaux en 2024. Le","og_url":"https:\/\/www.ibew-fioe2228.ca\/fr\/reunion-trimestrielle-des-delegues-syndicaux-nationaux-4\/","og_site_name":"IBEW-FIOE 2228","article_published_time":"2024-10-03T12:26:08+00:00","article_modified_time":"2024-10-03T12:27:17+00:00","og_image":[{"width":125,"height":78,"url":"https:\/\/www.ibew-fioe2228.ca\/wp-content\/uploads\/2023\/01\/logo-1.png","type":"image\/png"}],"author":"Aryane Bertrand-Lavigne","twitter_card":"summary_large_image","twitter_misc":{"\u00c9crit par":"Aryane Bertrand-Lavigne"},"schema":{"@context":"https:\/\/schema.org","@graph":[{"@type":"Article","@id":"https:\/\/www.ibew-fioe2228.ca\/fr\/reunion-trimestrielle-des-delegues-syndicaux-nationaux-4\/#article","isPartOf":{"@id":"https:\/\/www.ibew-fioe2228.ca\/fr\/reunion-trimestrielle-des-delegues-syndicaux-nationaux-4\/"},"author":{"name":"Aryane Bertrand-Lavigne","@id":"https:\/\/www.ibew-fioe2228.ca\/#\/schema\/person\/d819ef6acf02d4a87ab519fef5ffb655"},"headline":"R\u00e9union trimestrielle des d\u00e9l\u00e9gu\u00e9s syndicaux nationaux","datePublished":"2024-10-03T12:26:08+00:00","dateModified":"2024-10-03T12:27:17+00:00","mainEntityOfPage":{"@id":"https:\/\/www.ibew-fioe2228.ca\/fr\/reunion-trimestrielle-des-delegues-syndicaux-nationaux-4\/"},"wordCount":178,"commentCount":0,"publisher":{"@id":"https:\/\/www.ibew-fioe2228.ca\/#organization"},"articleSection":["Actualit\u00e9s"],"inLanguage":"fr-FR","potentialAction":[{"@type":"CommentAction","name":"Comment","target":["https:\/\/www.ibew-fioe2228.ca\/fr\/reunion-trimestrielle-des-delegues-syndicaux-nationaux-4\/#respond"]}]},{"@type":"WebPage","@id":"https:\/\/www.ibew-fioe2228.ca\/fr\/reunion-trimestrielle-des-delegues-syndicaux-nationaux-4\/","url":"https:\/\/www.ibew-fioe2228.ca\/fr\/reunion-trimestrielle-des-delegues-syndicaux-nationaux-4\/","name":"R\u00e9union trimestrielle des d\u00e9l\u00e9gu\u00e9s syndicaux nationaux - IBEW-FIOE 2228","isPartOf":{"@id":"https:\/\/www.ibew-fioe2228.ca\/#website"},"datePublished":"2024-10-03T12:26:08+00:00","dateModified":"2024-10-03T12:27:17+00:00","description":"Chers d\u00e9l\u00e9gu\u00e9s syndicaux de la section 2228, &nbsp; Nous sommes heureux de poursuivre les appels trimestriels des d\u00e9l\u00e9gu\u00e9s syndicaux nationaux en 2024. Le","breadcrumb":{"@id":"https:\/\/www.ibew-fioe2228.ca\/fr\/reunion-trimestrielle-des-delegues-syndicaux-nationaux-4\/#breadcrumb"},"inLanguage":"fr-FR","potentialAction":[{"@type":"ReadAction","target":["https:\/\/www.ibew-fioe2228.ca\/fr\/reunion-trimestrielle-des-delegues-syndicaux-nationaux-4\/"]}]},{"@type":"BreadcrumbList","@id":"https:\/\/www.ibew-fioe2228.ca\/fr\/reunion-trimestrielle-des-delegues-syndicaux-nationaux-4\/#breadcrumb","itemListElement":[{"@type":"ListItem","position":1,"name":"Home","item":"https:\/\/www.ibew-fioe2228.ca\/fr\/"},{"@type":"ListItem","position":2,"name":"Actualit\u00e9s","item":"https:\/\/www.ibew-fioe2228.ca\/fr\/category\/actualites\/"},{"@type":"ListItem","position":3,"name":"R\u00e9union trimestrielle des d\u00e9l\u00e9gu\u00e9s syndicaux nationaux"}]},{"@type":"WebSite","@id":"https:\/\/www.ibew-fioe2228.ca\/#website","url":"https:\/\/www.ibew-fioe2228.ca\/","name":"IBEW-FIOE 2228","description":"","publisher":{"@id":"https:\/\/www.ibew-fioe2228.ca\/#organization"},"potentialAction":[{"@type":"SearchAction","target":{"@type":"EntryPoint","urlTemplate":"https:\/\/www.ibew-fioe2228.ca\/?s={search_term_string}"},"query-input":{"@type":"PropertyValueSpecification","valueRequired":true,"valueName":"search_term_string"}}],"inLanguage":"fr-FR"},{"@type":"Organization","@id":"https:\/\/www.ibew-fioe2228.ca\/#organization","name":"IBEW-FIOE 2228","url":"https:\/\/www.ibew-fioe2228.ca\/","logo":{"@type":"ImageObject","inLanguage":"fr-FR","@id":"https:\/\/www.ibew-fioe2228.ca\/#\/schema\/logo\/image\/","url":"https:\/\/www.ibew-fioe2228.ca\/wp-content\/uploads\/2023\/01\/logo-1.png","contentUrl":"https:\/\/www.ibew-fioe2228.ca\/wp-content\/uploads\/2023\/01\/logo-1.png","width":125,"height":78,"caption":"IBEW-FIOE 2228"},"image":{"@id":"https:\/\/www.ibew-fioe2228.ca\/#\/schema\/logo\/image\/"}},{"@type":"Person","@id":"https:\/\/www.ibew-fioe2228.ca\/#\/schema\/person\/d819ef6acf02d4a87ab519fef5ffb655","name":"Aryane Bertrand-Lavigne","image":{"@type":"ImageObject","inLanguage":"fr-FR","@id":"https:\/\/secure.gravatar.com\/avatar\/61eac0bca1bb28a758240593a0c2468cf80a99b53b01fc487f10de0c24b536fe?s=96&d=mm&r=g","url":"https:\/\/secure.gravatar.com\/avatar\/61eac0bca1bb28a758240593a0c2468cf80a99b53b01fc487f10de0c24b536fe?s=96&d=mm&r=g","contentUrl":"https:\/\/secure.gravatar.com\/avatar\/61eac0bca1bb28a758240593a0c2468cf80a99b53b01fc487f10de0c24b536fe?s=96&d=mm&r=g","caption":"Aryane Bertrand-Lavigne"},"url":"https:\/\/www.ibew-fioe2228.ca\/fr\/author\/aryane-bertrandlavigneibew2228-ca\/"}]}},"_links":{"self":[{"href":"https:\/\/www.ibew-fioe2228.ca\/fr\/wp-json\/wp\/v2\/posts\/1623","targetHints":{"allow":["GET"]}}],"collection":[{"href":"https:\/\/www.ibew-fioe2228.ca\/fr\/wp-json\/wp\/v2\/posts"}],"about":[{"href":"https:\/\/www.ibew-fioe2228.ca\/fr\/wp-json\/wp\/v2\/types\/post"}],"author":[{"embeddable":true,"href":"https:\/\/www.ibew-fioe2228.ca\/fr\/wp-json\/wp\/v2\/users\/47"}],"replies":[{"embeddable":true,"href":"https:\/\/www.ibew-fioe2228.ca\/fr\/wp-json\/wp\/v2\/comments?post=1623"}],"version-history":[{"count":1,"href":"https:\/\/www.ibew-fioe2228.ca\/fr\/wp-json\/wp\/v2\/posts\/1623\/revisions"}],"predecessor-version":[{"id":1624,"href":"https:\/\/www.ibew-fioe2228.ca\/fr\/wp-json\/wp\/v2\/posts\/1623\/revisions\/1624"}],"wp:attachment":[{"href":"https:\/\/www.ibew-fioe2228.ca\/fr\/wp-json\/wp\/v2\/media?parent=1623"}],"wp:term":[{"taxonomy":"category","embeddable":true,"href":"https:\/\/www.ibew-fioe2228.ca\/fr\/wp-json\/wp\/v2\/categories?post=1623"},{"taxonomy":"post_tag","embeddable":true,"href":"https:\/\/www.ibew-fioe2228.ca\/fr\/wp-json\/wp\/v2\/tags?post=1623"}],"curies":[{"name":"wp","href":"https:\/\/api.w.org\/{rel}","templated":true}]}}