{"id":1771,"date":"2025-01-10T18:29:32","date_gmt":"2025-01-10T18:29:32","guid":{"rendered":"https:\/\/www.ibew-fioe2228.ca\/?p=1771"},"modified":"2025-01-10T18:30:08","modified_gmt":"2025-01-10T18:30:08","slug":"politique-de-greve-proposee","status":"publish","type":"post","link":"https:\/\/www.ibew-fioe2228.ca\/fr\/politique-de-greve-proposee\/","title":{"rendered":"Politique de Gr\u00e8ve Propos\u00e9e"},"content":{"rendered":"<p>Membres du IBEW 2228,<\/p>\n<p>Aujourd&rsquo;hui, j&rsquo;ai publi\u00e9 un projet de politique de gr\u00e8ve sur la section s\u00e9curis\u00e9e de notre site web. Je pr\u00e9vois que nous voterons sur ce document dans les prochains mois lors de nos r\u00e9unions d&rsquo;unit\u00e9. Je vous invite \u00e0 prendre le temps de le consulter. Si vous avez des questions ou des commentaires, n&rsquo;h\u00e9sitez pas \u00e0 m&rsquo;envoyer un message<\/p>\n<p>Merci,<\/p>\n<p>En solidarit\u00e9,<\/p>\n<p>Jeff Wendt<br \/>\nPr\u00e9sident, IBEW Local 2228<\/p>\n","protected":false},"excerpt":{"rendered":"<p>Membres du IBEW 2228, Aujourd&rsquo;hui, j&rsquo;ai publi\u00e9 un projet de  [&#8230;]<\/p>\n","protected":false},"author":47,"featured_media":0,"comment_status":"open","ping_status":"open","sticky":false,"template":"","format":"standard","meta":{"_acf_changed":false,"footnotes":""},"categories":[2],"tags":[],"class_list":["post-1771","post","type-post","status-publish","format-standard","hentry","category-actualites"],"acf":[],"yoast_head":"<!-- This site is optimized with the Yoast SEO plugin v27.3 - https:\/\/yoast.com\/product\/yoast-seo-wordpress\/ -->\n<title>Politique de Gr\u00e8ve Propos\u00e9e - IBEW-FIOE 2228<\/title>\n<meta name=\"description\" content=\"Membres du IBEW 2228, Aujourd&#039;hui, j&#039;ai publi\u00e9 un projet de politique de gr\u00e8ve sur la section s\u00e9curis\u00e9e de notre site web. Je pr\u00e9vois que nous voterons\" \/>\n<meta name=\"robots\" content=\"index, follow, max-snippet:-1, max-image-preview:large, max-video-preview:-1\" \/>\n<link rel=\"canonical\" href=\"https:\/\/www.ibew-fioe2228.ca\/fr\/politique-de-greve-proposee\/\" \/>\n<meta property=\"og:locale\" content=\"fr_FR\" \/>\n<meta property=\"og:type\" content=\"article\" \/>\n<meta property=\"og:title\" content=\"Politique de Gr\u00e8ve Propos\u00e9e - IBEW-FIOE 2228\" \/>\n<meta property=\"og:description\" content=\"Membres du IBEW 2228, Aujourd&#039;hui, j&#039;ai publi\u00e9 un projet de politique de gr\u00e8ve sur la section s\u00e9curis\u00e9e de notre site web. Je pr\u00e9vois que nous voterons\" \/>\n<meta property=\"og:url\" content=\"https:\/\/www.ibew-fioe2228.ca\/fr\/politique-de-greve-proposee\/\" \/>\n<meta property=\"og:site_name\" content=\"IBEW-FIOE 2228\" \/>\n<meta property=\"article:published_time\" content=\"2025-01-10T18:29:32+00:00\" \/>\n<meta property=\"article:modified_time\" content=\"2025-01-10T18:30:08+00:00\" \/>\n<meta property=\"og:image\" content=\"https:\/\/www.ibew-fioe2228.ca\/wp-content\/uploads\/2023\/01\/logo-1.png\" \/>\n\t<meta property=\"og:image:width\" content=\"125\" \/>\n\t<meta property=\"og:image:height\" content=\"78\" \/>\n\t<meta property=\"og:image:type\" content=\"image\/png\" \/>\n<meta name=\"author\" content=\"Aryane Bertrand-Lavigne\" \/>\n<meta name=\"twitter:card\" content=\"summary_large_image\" \/>\n<meta name=\"twitter:label1\" content=\"\u00c9crit par\" \/>\n\t<meta name=\"twitter:data1\" content=\"Aryane Bertrand-Lavigne\" \/>\n<script type=\"application\/ld+json\" class=\"yoast-schema-graph\">{\"@context\":\"https:\\\/\\\/schema.org\",\"@graph\":[{\"@type\":\"Article\",\"@id\":\"https:\\\/\\\/www.ibew-fioe2228.ca\\\/fr\\\/politique-de-greve-proposee\\\/#article\",\"isPartOf\":{\"@id\":\"https:\\\/\\\/www.ibew-fioe2228.ca\\\/fr\\\/politique-de-greve-proposee\\\/\"},\"author\":{\"name\":\"Aryane Bertrand-Lavigne\",\"@id\":\"https:\\\/\\\/www.ibew-fioe2228.ca\\\/#\\\/schema\\\/person\\\/d819ef6acf02d4a87ab519fef5ffb655\"},\"headline\":\"Politique de Gr\u00e8ve Propos\u00e9e\",\"datePublished\":\"2025-01-10T18:29:32+00:00\",\"dateModified\":\"2025-01-10T18:30:08+00:00\",\"mainEntityOfPage\":{\"@id\":\"https:\\\/\\\/www.ibew-fioe2228.ca\\\/fr\\\/politique-de-greve-proposee\\\/\"},\"wordCount\":85,\"commentCount\":0,\"publisher\":{\"@id\":\"https:\\\/\\\/www.ibew-fioe2228.ca\\\/#organization\"},\"articleSection\":[\"Actualit\u00e9s\"],\"inLanguage\":\"fr-FR\",\"potentialAction\":[{\"@type\":\"CommentAction\",\"name\":\"Comment\",\"target\":[\"https:\\\/\\\/www.ibew-fioe2228.ca\\\/fr\\\/politique-de-greve-proposee\\\/#respond\"]}]},{\"@type\":\"WebPage\",\"@id\":\"https:\\\/\\\/www.ibew-fioe2228.ca\\\/fr\\\/politique-de-greve-proposee\\\/\",\"url\":\"https:\\\/\\\/www.ibew-fioe2228.ca\\\/fr\\\/politique-de-greve-proposee\\\/\",\"name\":\"Politique de Gr\u00e8ve Propos\u00e9e - IBEW-FIOE 2228\",\"isPartOf\":{\"@id\":\"https:\\\/\\\/www.ibew-fioe2228.ca\\\/#website\"},\"datePublished\":\"2025-01-10T18:29:32+00:00\",\"dateModified\":\"2025-01-10T18:30:08+00:00\",\"description\":\"Membres du IBEW 2228, Aujourd'hui, j'ai publi\u00e9 un projet de politique de gr\u00e8ve sur la section s\u00e9curis\u00e9e de notre site web. Je pr\u00e9vois que nous voterons\",\"breadcrumb\":{\"@id\":\"https:\\\/\\\/www.ibew-fioe2228.ca\\\/fr\\\/politique-de-greve-proposee\\\/#breadcrumb\"},\"inLanguage\":\"fr-FR\",\"potentialAction\":[{\"@type\":\"ReadAction\",\"target\":[\"https:\\\/\\\/www.ibew-fioe2228.ca\\\/fr\\\/politique-de-greve-proposee\\\/\"]}]},{\"@type\":\"BreadcrumbList\",\"@id\":\"https:\\\/\\\/www.ibew-fioe2228.ca\\\/fr\\\/politique-de-greve-proposee\\\/#breadcrumb\",\"itemListElement\":[{\"@type\":\"ListItem\",\"position\":1,\"name\":\"Home\",\"item\":\"https:\\\/\\\/www.ibew-fioe2228.ca\\\/fr\\\/\"},{\"@type\":\"ListItem\",\"position\":2,\"name\":\"Actualit\u00e9s\",\"item\":\"https:\\\/\\\/www.ibew-fioe2228.ca\\\/fr\\\/category\\\/actualites\\\/\"},{\"@type\":\"ListItem\",\"position\":3,\"name\":\"Politique de Gr\u00e8ve Propos\u00e9e\"}]},{\"@type\":\"WebSite\",\"@id\":\"https:\\\/\\\/www.ibew-fioe2228.ca\\\/#website\",\"url\":\"https:\\\/\\\/www.ibew-fioe2228.ca\\\/\",\"name\":\"IBEW-FIOE 2228\",\"description\":\"\",\"publisher\":{\"@id\":\"https:\\\/\\\/www.ibew-fioe2228.ca\\\/#organization\"},\"potentialAction\":[{\"@type\":\"SearchAction\",\"target\":{\"@type\":\"EntryPoint\",\"urlTemplate\":\"https:\\\/\\\/www.ibew-fioe2228.ca\\\/?s={search_term_string}\"},\"query-input\":{\"@type\":\"PropertyValueSpecification\",\"valueRequired\":true,\"valueName\":\"search_term_string\"}}],\"inLanguage\":\"fr-FR\"},{\"@type\":\"Organization\",\"@id\":\"https:\\\/\\\/www.ibew-fioe2228.ca\\\/#organization\",\"name\":\"IBEW-FIOE 2228\",\"url\":\"https:\\\/\\\/www.ibew-fioe2228.ca\\\/\",\"logo\":{\"@type\":\"ImageObject\",\"inLanguage\":\"fr-FR\",\"@id\":\"https:\\\/\\\/www.ibew-fioe2228.ca\\\/#\\\/schema\\\/logo\\\/image\\\/\",\"url\":\"https:\\\/\\\/www.ibew-fioe2228.ca\\\/wp-content\\\/uploads\\\/2023\\\/01\\\/logo-1.png\",\"contentUrl\":\"https:\\\/\\\/www.ibew-fioe2228.ca\\\/wp-content\\\/uploads\\\/2023\\\/01\\\/logo-1.png\",\"width\":125,\"height\":78,\"caption\":\"IBEW-FIOE 2228\"},\"image\":{\"@id\":\"https:\\\/\\\/www.ibew-fioe2228.ca\\\/#\\\/schema\\\/logo\\\/image\\\/\"}},{\"@type\":\"Person\",\"@id\":\"https:\\\/\\\/www.ibew-fioe2228.ca\\\/#\\\/schema\\\/person\\\/d819ef6acf02d4a87ab519fef5ffb655\",\"name\":\"Aryane Bertrand-Lavigne\",\"image\":{\"@type\":\"ImageObject\",\"inLanguage\":\"fr-FR\",\"@id\":\"https:\\\/\\\/secure.gravatar.com\\\/avatar\\\/61eac0bca1bb28a758240593a0c2468cf80a99b53b01fc487f10de0c24b536fe?s=96&d=mm&r=g\",\"url\":\"https:\\\/\\\/secure.gravatar.com\\\/avatar\\\/61eac0bca1bb28a758240593a0c2468cf80a99b53b01fc487f10de0c24b536fe?s=96&d=mm&r=g\",\"contentUrl\":\"https:\\\/\\\/secure.gravatar.com\\\/avatar\\\/61eac0bca1bb28a758240593a0c2468cf80a99b53b01fc487f10de0c24b536fe?s=96&d=mm&r=g\",\"caption\":\"Aryane Bertrand-Lavigne\"},\"url\":\"https:\\\/\\\/www.ibew-fioe2228.ca\\\/fr\\\/author\\\/aryane-bertrandlavigneibew2228-ca\\\/\"}]}<\/script>\n<!-- \/ Yoast SEO plugin. -->","yoast_head_json":{"title":"Politique de Gr\u00e8ve Propos\u00e9e - IBEW-FIOE 2228","description":"Membres du IBEW 2228, Aujourd'hui, j'ai publi\u00e9 un projet de politique de gr\u00e8ve sur la section s\u00e9curis\u00e9e de notre site web. Je pr\u00e9vois que nous voterons","robots":{"index":"index","follow":"follow","max-snippet":"max-snippet:-1","max-image-preview":"max-image-preview:large","max-video-preview":"max-video-preview:-1"},"canonical":"https:\/\/www.ibew-fioe2228.ca\/fr\/politique-de-greve-proposee\/","og_locale":"fr_FR","og_type":"article","og_title":"Politique de Gr\u00e8ve Propos\u00e9e - IBEW-FIOE 2228","og_description":"Membres du IBEW 2228, Aujourd'hui, j'ai publi\u00e9 un projet de politique de gr\u00e8ve sur la section s\u00e9curis\u00e9e de notre site web. Je pr\u00e9vois que nous voterons","og_url":"https:\/\/www.ibew-fioe2228.ca\/fr\/politique-de-greve-proposee\/","og_site_name":"IBEW-FIOE 2228","article_published_time":"2025-01-10T18:29:32+00:00","article_modified_time":"2025-01-10T18:30:08+00:00","og_image":[{"width":125,"height":78,"url":"https:\/\/www.ibew-fioe2228.ca\/wp-content\/uploads\/2023\/01\/logo-1.png","type":"image\/png"}],"author":"Aryane Bertrand-Lavigne","twitter_card":"summary_large_image","twitter_misc":{"\u00c9crit par":"Aryane Bertrand-Lavigne"},"schema":{"@context":"https:\/\/schema.org","@graph":[{"@type":"Article","@id":"https:\/\/www.ibew-fioe2228.ca\/fr\/politique-de-greve-proposee\/#article","isPartOf":{"@id":"https:\/\/www.ibew-fioe2228.ca\/fr\/politique-de-greve-proposee\/"},"author":{"name":"Aryane Bertrand-Lavigne","@id":"https:\/\/www.ibew-fioe2228.ca\/#\/schema\/person\/d819ef6acf02d4a87ab519fef5ffb655"},"headline":"Politique de Gr\u00e8ve Propos\u00e9e","datePublished":"2025-01-10T18:29:32+00:00","dateModified":"2025-01-10T18:30:08+00:00","mainEntityOfPage":{"@id":"https:\/\/www.ibew-fioe2228.ca\/fr\/politique-de-greve-proposee\/"},"wordCount":85,"commentCount":0,"publisher":{"@id":"https:\/\/www.ibew-fioe2228.ca\/#organization"},"articleSection":["Actualit\u00e9s"],"inLanguage":"fr-FR","potentialAction":[{"@type":"CommentAction","name":"Comment","target":["https:\/\/www.ibew-fioe2228.ca\/fr\/politique-de-greve-proposee\/#respond"]}]},{"@type":"WebPage","@id":"https:\/\/www.ibew-fioe2228.ca\/fr\/politique-de-greve-proposee\/","url":"https:\/\/www.ibew-fioe2228.ca\/fr\/politique-de-greve-proposee\/","name":"Politique de Gr\u00e8ve Propos\u00e9e - IBEW-FIOE 2228","isPartOf":{"@id":"https:\/\/www.ibew-fioe2228.ca\/#website"},"datePublished":"2025-01-10T18:29:32+00:00","dateModified":"2025-01-10T18:30:08+00:00","description":"Membres du IBEW 2228, Aujourd'hui, j'ai publi\u00e9 un projet de politique de gr\u00e8ve sur la section s\u00e9curis\u00e9e de notre site web. Je pr\u00e9vois que nous voterons","breadcrumb":{"@id":"https:\/\/www.ibew-fioe2228.ca\/fr\/politique-de-greve-proposee\/#breadcrumb"},"inLanguage":"fr-FR","potentialAction":[{"@type":"ReadAction","target":["https:\/\/www.ibew-fioe2228.ca\/fr\/politique-de-greve-proposee\/"]}]},{"@type":"BreadcrumbList","@id":"https:\/\/www.ibew-fioe2228.ca\/fr\/politique-de-greve-proposee\/#breadcrumb","itemListElement":[{"@type":"ListItem","position":1,"name":"Home","item":"https:\/\/www.ibew-fioe2228.ca\/fr\/"},{"@type":"ListItem","position":2,"name":"Actualit\u00e9s","item":"https:\/\/www.ibew-fioe2228.ca\/fr\/category\/actualites\/"},{"@type":"ListItem","position":3,"name":"Politique de Gr\u00e8ve Propos\u00e9e"}]},{"@type":"WebSite","@id":"https:\/\/www.ibew-fioe2228.ca\/#website","url":"https:\/\/www.ibew-fioe2228.ca\/","name":"IBEW-FIOE 2228","description":"","publisher":{"@id":"https:\/\/www.ibew-fioe2228.ca\/#organization"},"potentialAction":[{"@type":"SearchAction","target":{"@type":"EntryPoint","urlTemplate":"https:\/\/www.ibew-fioe2228.ca\/?s={search_term_string}"},"query-input":{"@type":"PropertyValueSpecification","valueRequired":true,"valueName":"search_term_string"}}],"inLanguage":"fr-FR"},{"@type":"Organization","@id":"https:\/\/www.ibew-fioe2228.ca\/#organization","name":"IBEW-FIOE 2228","url":"https:\/\/www.ibew-fioe2228.ca\/","logo":{"@type":"ImageObject","inLanguage":"fr-FR","@id":"https:\/\/www.ibew-fioe2228.ca\/#\/schema\/logo\/image\/","url":"https:\/\/www.ibew-fioe2228.ca\/wp-content\/uploads\/2023\/01\/logo-1.png","contentUrl":"https:\/\/www.ibew-fioe2228.ca\/wp-content\/uploads\/2023\/01\/logo-1.png","width":125,"height":78,"caption":"IBEW-FIOE 2228"},"image":{"@id":"https:\/\/www.ibew-fioe2228.ca\/#\/schema\/logo\/image\/"}},{"@type":"Person","@id":"https:\/\/www.ibew-fioe2228.ca\/#\/schema\/person\/d819ef6acf02d4a87ab519fef5ffb655","name":"Aryane Bertrand-Lavigne","image":{"@type":"ImageObject","inLanguage":"fr-FR","@id":"https:\/\/secure.gravatar.com\/avatar\/61eac0bca1bb28a758240593a0c2468cf80a99b53b01fc487f10de0c24b536fe?s=96&d=mm&r=g","url":"https:\/\/secure.gravatar.com\/avatar\/61eac0bca1bb28a758240593a0c2468cf80a99b53b01fc487f10de0c24b536fe?s=96&d=mm&r=g","contentUrl":"https:\/\/secure.gravatar.com\/avatar\/61eac0bca1bb28a758240593a0c2468cf80a99b53b01fc487f10de0c24b536fe?s=96&d=mm&r=g","caption":"Aryane Bertrand-Lavigne"},"url":"https:\/\/www.ibew-fioe2228.ca\/fr\/author\/aryane-bertrandlavigneibew2228-ca\/"}]}},"_links":{"self":[{"href":"https:\/\/www.ibew-fioe2228.ca\/fr\/wp-json\/wp\/v2\/posts\/1771","targetHints":{"allow":["GET"]}}],"collection":[{"href":"https:\/\/www.ibew-fioe2228.ca\/fr\/wp-json\/wp\/v2\/posts"}],"about":[{"href":"https:\/\/www.ibew-fioe2228.ca\/fr\/wp-json\/wp\/v2\/types\/post"}],"author":[{"embeddable":true,"href":"https:\/\/www.ibew-fioe2228.ca\/fr\/wp-json\/wp\/v2\/users\/47"}],"replies":[{"embeddable":true,"href":"https:\/\/www.ibew-fioe2228.ca\/fr\/wp-json\/wp\/v2\/comments?post=1771"}],"version-history":[{"count":1,"href":"https:\/\/www.ibew-fioe2228.ca\/fr\/wp-json\/wp\/v2\/posts\/1771\/revisions"}],"predecessor-version":[{"id":1772,"href":"https:\/\/www.ibew-fioe2228.ca\/fr\/wp-json\/wp\/v2\/posts\/1771\/revisions\/1772"}],"wp:attachment":[{"href":"https:\/\/www.ibew-fioe2228.ca\/fr\/wp-json\/wp\/v2\/media?parent=1771"}],"wp:term":[{"taxonomy":"category","embeddable":true,"href":"https:\/\/www.ibew-fioe2228.ca\/fr\/wp-json\/wp\/v2\/categories?post=1771"},{"taxonomy":"post_tag","embeddable":true,"href":"https:\/\/www.ibew-fioe2228.ca\/fr\/wp-json\/wp\/v2\/tags?post=1771"}],"curies":[{"name":"wp","href":"https:\/\/api.w.org\/{rel}","templated":true}]}}