{"id":1817,"date":"2025-02-11T13:41:40","date_gmt":"2025-02-11T13:41:40","guid":{"rendered":"https:\/\/www.ibew-fioe2228.ca\/?p=1817"},"modified":"2025-02-11T14:20:53","modified_gmt":"2025-02-11T14:20:53","slug":"mise-en-candidature-et-election-des-dirigeants-syndicaux-de-la-section-locale-2228","status":"publish","type":"post","link":"https:\/\/www.ibew-fioe2228.ca\/fr\/mise-en-candidature-et-election-des-dirigeants-syndicaux-de-la-section-locale-2228\/","title":{"rendered":"Mise en candidature et \u00e9lection des dirigeants syndicaux de la section locale 2228"},"content":{"rendered":"<p><strong>AVIS OFFICIEL<\/strong><\/p>\n<p><strong>Mise en candidature et \u00e9lection des dirigeants syndicaux de la section locale 2228<\/strong><\/p>\n<p>Veuillez noter que vous pouvez maintenant soumettre des mises en candidatures pour les postes suivants\u00a0:<\/p>\n<ul>\n<li>Pr\u00e9sident et d\u00e9l\u00e9gu\u00e9 au Congr\u00e8s international<\/li>\n<li>G\u00e9rant d\u2019affaires et secr\u00e9taire financier et d\u00e9l\u00e9gu\u00e9 au Congr\u00e8s international<\/li>\n<li>Vice-pr\u00e9sident<\/li>\n<li>Secr\u00e9taire<\/li>\n<li>Tr\u00e9sorier<\/li>\n<li>Membres du Conseil ex\u00e9cutif pour les r\u00e9gions suivantes\u00a0:\n<ul>\n<li>R\u00e9gion 1 Terre-Neuve-et-Labrador, Nouveau-Brunswick, Nouvelle-\u00c9cosse et \u00cele-du-Prince-\u00c9douard<\/li>\n<li>R\u00e9gion 2 Qu\u00e9bec et Nunavut<\/li>\n<li>R\u00e9gion 3 R\u00e9gion de la capitale nationale (\u00e0 l\u2019est de Trenton)<\/li>\n<li>R\u00e9gion 4 Ontario<\/li>\n<li>R\u00e9gion 5 Manitoba, Saskatchewan, Alberta, Territoires du Nord-Ouest et Yukon<\/li>\n<li>R\u00e9gion 6 Colombie-Britannique<\/li>\n<\/ul>\n<\/li>\n<\/ul>\n<p>Pour \u00eatre \u00e9ligible \u00e0 l\u2019un de ces postes, la candidate ou le candidat doit \u00eatre membre en r\u00e8gle de la section locale depuis au moins vingt-quatre (24) mois (pr\u00e9c\u00e9dant imm\u00e9diatement la mise en candidature). Les membres pour qui l\u2019on soumet la candidature pour l\u2019une des six r\u00e9gions doivent r\u00e9sider dans la r\u00e9gion de la mise en candidature et celle-ci doit provenir d\u2019un membre en r\u00e8gle qui habite dans cette r\u00e9gion.<\/p>\n<p>Le secr\u00e9taire doit recevoir les mises en candidature pour les postes susmentionn\u00e9s d\u2019ici le <strong>15\u00a0avril\u00a02025<\/strong>.\u00a0Veuillez les lui faire parvenir par courrier ou par courriel aux coordonn\u00e9es suivantes\u00a0:<\/p>\n<p>John Mahoney<br \/>\nSecr\u00e9taire de la section locale 2228 de la FIOE<br \/>\n8 Williams Place<\/p>\n<p>Gander (NL)\u00a0\u00a0A1V 0A7<\/p>\n<p>&nbsp;<\/p>\n<p><a href=\"http:\/\/beta21.vortexsolution.com\/ibew-fioe2228\/gestion\/\">sec@ibew2228.ca<\/a><\/p>\n<p>Une personne peut poser sa candidature pour un seul poste. Si l\u2019on sugg\u00e8re la candidature d\u2019une ou d\u2019un membre pour plus d\u2019un poste, ce membre doit informer le secr\u00e9taire d\u2019ici <strong>le 7 mai 2025<\/strong> du poste qu\u2019il ou elle aura choisi et pour lequel sa candidature comptera.<\/p>\n<p>La preuve de consentement du candidat ou de la candidate doit aussi \u00eatre achemin\u00e9e au secr\u00e9taire et re\u00e7ue par lui d\u2019ici le <strong>7\u00a0mai\u00a02025<\/strong>. Il revient \u00e0 la candidate ou au candidat (si tel est son choix) de fournir au secr\u00e9taire un r\u00e9sum\u00e9 de ses <strong>activit\u00e9s<\/strong> <strong>(syndicales seulement)<\/strong> d\u2019ici le <strong>7\u00a0mai\u00a02025<\/strong>. Si la date limite est respect\u00e9e, il sera affich\u00e9 sur le site Web de la section locale \u00e0 titre d\u2019information pour les membres qui voteront.<\/p>\n<p>Afin de vous \u00e9pauler \u00e0 cet effet, vous pouvez soumettre vos mises en candidature et preuves de consentement ensemble sur le <a href=\"https:\/\/www.ibew-fioe2228.ca\/wp-content\/uploads\/2025\/02\/nomination-form-Officer-Election-FR.pdf\"><u>formulaire de mise en candidature<\/u><\/a>.<\/p>\n<p>L\u2019\u00e9lection aura lieu par scrutin secret \u00e9lectronique et <strong>le d\u00e9pouillement du scrutin aura lieu le 6\u00a0juin<\/strong>\u00a0<strong>2025<\/strong>.\u00a0Les membres recevront les instructions relatives au vote par la poste \u00e0 leur derni\u00e8re adresse connue. Le juge de l\u2019\u00e9lection nationale, qui sera nomm\u00e9 par le pr\u00e9sident, attestera le d\u00e9pouillement du scrutin.<\/p>\n<p>Si un second tour de scrutin est n\u00e9cessaire, le m\u00eame processus aura lieu et le d\u00e9pouillement du scrutin se d\u00e9roulera <strong>le 27 juin 2025.<\/strong> Les m\u00eames r\u00e8gles r\u00e9gissant les \u00e9lections ordinaires r\u00e9giront le second tour de scrutin.<\/p>\n<p>On conseille vivement \u00e0 tout membre d\u00e9sirant contester les r\u00e9sultats des \u00e9lections de communiquer avec le juge de l\u2019\u00e9lection dans les quelques jours qui suivent le d\u00e9pouillement du scrutin. Il est aussi possible de d\u00e9poser une plainte par \u00e9crit aupr\u00e8s du vice-pr\u00e9sident international, dans les 30 jours suivant les \u00e9lections. La d\u00e9cision du vice-pr\u00e9sident international mettra fin au processus de la contestation au sein de la FIOE.<\/p>\n<p>Pour toute question, veuillez communiquer directement avec moi par courriel \u00e0 <a href=\"http:\/\/beta21.vortexsolution.com\/ibew-fioe2228\/gestion\/\">sec@ibew2228.ca<\/a> ou avec le Bureau d\u2019affaires au 1-800-267-4163.<\/p>\n<p>En toute solidarit\u00e9,<\/p>\n<p>Le secr\u00e9taire,<br \/>\nSection locale 2228 de la FIOE,<\/p>\n<p>John Mahoney<\/p>\n","protected":false},"excerpt":{"rendered":"<p>AVIS OFFICIEL Mise en candidature et \u00e9lection des dirigeants syndicaux  [&#8230;]<\/p>\n","protected":false},"author":47,"featured_media":0,"comment_status":"open","ping_status":"open","sticky":false,"template":"","format":"standard","meta":{"_acf_changed":false,"footnotes":""},"categories":[2],"tags":[],"class_list":["post-1817","post","type-post","status-publish","format-standard","hentry","category-actualites"],"acf":[],"yoast_head":"<!-- This site is optimized with the Yoast SEO plugin v27.3 - https:\/\/yoast.com\/product\/yoast-seo-wordpress\/ -->\n<title>Mise en candidature et \u00e9lection des dirigeants syndicaux de la section locale 2228 - IBEW-FIOE 2228<\/title>\n<meta name=\"description\" content=\"AVIS OFFICIEL Mise en candidature et \u00e9lection des dirigeants syndicaux de la section locale 2228 Veuillez noter que vous pouvez maintenant soumettre des\" \/>\n<meta name=\"robots\" content=\"index, follow, max-snippet:-1, max-image-preview:large, max-video-preview:-1\" \/>\n<link rel=\"canonical\" href=\"https:\/\/www.ibew-fioe2228.ca\/fr\/mise-en-candidature-et-election-des-dirigeants-syndicaux-de-la-section-locale-2228\/\" \/>\n<meta property=\"og:locale\" content=\"fr_FR\" \/>\n<meta property=\"og:type\" content=\"article\" \/>\n<meta property=\"og:title\" content=\"Mise en candidature et \u00e9lection des dirigeants syndicaux de la section locale 2228 - IBEW-FIOE 2228\" \/>\n<meta property=\"og:description\" content=\"AVIS OFFICIEL Mise en candidature et \u00e9lection des dirigeants syndicaux de la section locale 2228 Veuillez noter que vous pouvez maintenant soumettre des\" \/>\n<meta property=\"og:url\" content=\"https:\/\/www.ibew-fioe2228.ca\/fr\/mise-en-candidature-et-election-des-dirigeants-syndicaux-de-la-section-locale-2228\/\" \/>\n<meta property=\"og:site_name\" content=\"IBEW-FIOE 2228\" \/>\n<meta property=\"article:published_time\" content=\"2025-02-11T13:41:40+00:00\" \/>\n<meta property=\"article:modified_time\" content=\"2025-02-11T14:20:53+00:00\" \/>\n<meta property=\"og:image\" content=\"https:\/\/www.ibew-fioe2228.ca\/wp-content\/uploads\/2023\/01\/logo-1.png\" \/>\n\t<meta property=\"og:image:width\" content=\"125\" \/>\n\t<meta property=\"og:image:height\" content=\"78\" \/>\n\t<meta property=\"og:image:type\" content=\"image\/png\" \/>\n<meta name=\"author\" content=\"Aryane Bertrand-Lavigne\" \/>\n<meta name=\"twitter:card\" content=\"summary_large_image\" \/>\n<meta name=\"twitter:label1\" content=\"\u00c9crit par\" \/>\n\t<meta name=\"twitter:data1\" content=\"Aryane Bertrand-Lavigne\" \/>\n\t<meta name=\"twitter:label2\" content=\"Dur\u00e9e de lecture estim\u00e9e\" \/>\n\t<meta name=\"twitter:data2\" content=\"3 minutes\" \/>\n<script type=\"application\/ld+json\" class=\"yoast-schema-graph\">{\"@context\":\"https:\\\/\\\/schema.org\",\"@graph\":[{\"@type\":\"Article\",\"@id\":\"https:\\\/\\\/www.ibew-fioe2228.ca\\\/fr\\\/mise-en-candidature-et-election-des-dirigeants-syndicaux-de-la-section-locale-2228\\\/#article\",\"isPartOf\":{\"@id\":\"https:\\\/\\\/www.ibew-fioe2228.ca\\\/fr\\\/mise-en-candidature-et-election-des-dirigeants-syndicaux-de-la-section-locale-2228\\\/\"},\"author\":{\"name\":\"Aryane Bertrand-Lavigne\",\"@id\":\"https:\\\/\\\/www.ibew-fioe2228.ca\\\/#\\\/schema\\\/person\\\/d819ef6acf02d4a87ab519fef5ffb655\"},\"headline\":\"Mise en candidature et \u00e9lection des dirigeants syndicaux de la section locale 2228\",\"datePublished\":\"2025-02-11T13:41:40+00:00\",\"dateModified\":\"2025-02-11T14:20:53+00:00\",\"mainEntityOfPage\":{\"@id\":\"https:\\\/\\\/www.ibew-fioe2228.ca\\\/fr\\\/mise-en-candidature-et-election-des-dirigeants-syndicaux-de-la-section-locale-2228\\\/\"},\"wordCount\":628,\"commentCount\":0,\"publisher\":{\"@id\":\"https:\\\/\\\/www.ibew-fioe2228.ca\\\/#organization\"},\"articleSection\":[\"Actualit\u00e9s\"],\"inLanguage\":\"fr-FR\",\"potentialAction\":[{\"@type\":\"CommentAction\",\"name\":\"Comment\",\"target\":[\"https:\\\/\\\/www.ibew-fioe2228.ca\\\/fr\\\/mise-en-candidature-et-election-des-dirigeants-syndicaux-de-la-section-locale-2228\\\/#respond\"]}]},{\"@type\":\"WebPage\",\"@id\":\"https:\\\/\\\/www.ibew-fioe2228.ca\\\/fr\\\/mise-en-candidature-et-election-des-dirigeants-syndicaux-de-la-section-locale-2228\\\/\",\"url\":\"https:\\\/\\\/www.ibew-fioe2228.ca\\\/fr\\\/mise-en-candidature-et-election-des-dirigeants-syndicaux-de-la-section-locale-2228\\\/\",\"name\":\"Mise en candidature et \u00e9lection des dirigeants syndicaux de la section locale 2228 - IBEW-FIOE 2228\",\"isPartOf\":{\"@id\":\"https:\\\/\\\/www.ibew-fioe2228.ca\\\/#website\"},\"datePublished\":\"2025-02-11T13:41:40+00:00\",\"dateModified\":\"2025-02-11T14:20:53+00:00\",\"description\":\"AVIS OFFICIEL Mise en candidature et \u00e9lection des dirigeants syndicaux de la section locale 2228 Veuillez noter que vous pouvez maintenant soumettre des\",\"breadcrumb\":{\"@id\":\"https:\\\/\\\/www.ibew-fioe2228.ca\\\/fr\\\/mise-en-candidature-et-election-des-dirigeants-syndicaux-de-la-section-locale-2228\\\/#breadcrumb\"},\"inLanguage\":\"fr-FR\",\"potentialAction\":[{\"@type\":\"ReadAction\",\"target\":[\"https:\\\/\\\/www.ibew-fioe2228.ca\\\/fr\\\/mise-en-candidature-et-election-des-dirigeants-syndicaux-de-la-section-locale-2228\\\/\"]}]},{\"@type\":\"BreadcrumbList\",\"@id\":\"https:\\\/\\\/www.ibew-fioe2228.ca\\\/fr\\\/mise-en-candidature-et-election-des-dirigeants-syndicaux-de-la-section-locale-2228\\\/#breadcrumb\",\"itemListElement\":[{\"@type\":\"ListItem\",\"position\":1,\"name\":\"Home\",\"item\":\"https:\\\/\\\/www.ibew-fioe2228.ca\\\/fr\\\/\"},{\"@type\":\"ListItem\",\"position\":2,\"name\":\"Actualit\u00e9s\",\"item\":\"https:\\\/\\\/www.ibew-fioe2228.ca\\\/fr\\\/category\\\/actualites\\\/\"},{\"@type\":\"ListItem\",\"position\":3,\"name\":\"Mise en candidature et \u00e9lection des dirigeants syndicaux de la section locale 2228\"}]},{\"@type\":\"WebSite\",\"@id\":\"https:\\\/\\\/www.ibew-fioe2228.ca\\\/#website\",\"url\":\"https:\\\/\\\/www.ibew-fioe2228.ca\\\/\",\"name\":\"IBEW-FIOE 2228\",\"description\":\"\",\"publisher\":{\"@id\":\"https:\\\/\\\/www.ibew-fioe2228.ca\\\/#organization\"},\"potentialAction\":[{\"@type\":\"SearchAction\",\"target\":{\"@type\":\"EntryPoint\",\"urlTemplate\":\"https:\\\/\\\/www.ibew-fioe2228.ca\\\/?s={search_term_string}\"},\"query-input\":{\"@type\":\"PropertyValueSpecification\",\"valueRequired\":true,\"valueName\":\"search_term_string\"}}],\"inLanguage\":\"fr-FR\"},{\"@type\":\"Organization\",\"@id\":\"https:\\\/\\\/www.ibew-fioe2228.ca\\\/#organization\",\"name\":\"IBEW-FIOE 2228\",\"url\":\"https:\\\/\\\/www.ibew-fioe2228.ca\\\/\",\"logo\":{\"@type\":\"ImageObject\",\"inLanguage\":\"fr-FR\",\"@id\":\"https:\\\/\\\/www.ibew-fioe2228.ca\\\/#\\\/schema\\\/logo\\\/image\\\/\",\"url\":\"https:\\\/\\\/www.ibew-fioe2228.ca\\\/wp-content\\\/uploads\\\/2023\\\/01\\\/logo-1.png\",\"contentUrl\":\"https:\\\/\\\/www.ibew-fioe2228.ca\\\/wp-content\\\/uploads\\\/2023\\\/01\\\/logo-1.png\",\"width\":125,\"height\":78,\"caption\":\"IBEW-FIOE 2228\"},\"image\":{\"@id\":\"https:\\\/\\\/www.ibew-fioe2228.ca\\\/#\\\/schema\\\/logo\\\/image\\\/\"}},{\"@type\":\"Person\",\"@id\":\"https:\\\/\\\/www.ibew-fioe2228.ca\\\/#\\\/schema\\\/person\\\/d819ef6acf02d4a87ab519fef5ffb655\",\"name\":\"Aryane Bertrand-Lavigne\",\"image\":{\"@type\":\"ImageObject\",\"inLanguage\":\"fr-FR\",\"@id\":\"https:\\\/\\\/secure.gravatar.com\\\/avatar\\\/61eac0bca1bb28a758240593a0c2468cf80a99b53b01fc487f10de0c24b536fe?s=96&d=mm&r=g\",\"url\":\"https:\\\/\\\/secure.gravatar.com\\\/avatar\\\/61eac0bca1bb28a758240593a0c2468cf80a99b53b01fc487f10de0c24b536fe?s=96&d=mm&r=g\",\"contentUrl\":\"https:\\\/\\\/secure.gravatar.com\\\/avatar\\\/61eac0bca1bb28a758240593a0c2468cf80a99b53b01fc487f10de0c24b536fe?s=96&d=mm&r=g\",\"caption\":\"Aryane Bertrand-Lavigne\"},\"url\":\"https:\\\/\\\/www.ibew-fioe2228.ca\\\/fr\\\/author\\\/aryane-bertrandlavigneibew2228-ca\\\/\"}]}<\/script>\n<!-- \/ Yoast SEO plugin. -->","yoast_head_json":{"title":"Mise en candidature et \u00e9lection des dirigeants syndicaux de la section locale 2228 - IBEW-FIOE 2228","description":"AVIS OFFICIEL Mise en candidature et \u00e9lection des dirigeants syndicaux de la section locale 2228 Veuillez noter que vous pouvez maintenant soumettre des","robots":{"index":"index","follow":"follow","max-snippet":"max-snippet:-1","max-image-preview":"max-image-preview:large","max-video-preview":"max-video-preview:-1"},"canonical":"https:\/\/www.ibew-fioe2228.ca\/fr\/mise-en-candidature-et-election-des-dirigeants-syndicaux-de-la-section-locale-2228\/","og_locale":"fr_FR","og_type":"article","og_title":"Mise en candidature et \u00e9lection des dirigeants syndicaux de la section locale 2228 - IBEW-FIOE 2228","og_description":"AVIS OFFICIEL Mise en candidature et \u00e9lection des dirigeants syndicaux de la section locale 2228 Veuillez noter que vous pouvez maintenant soumettre des","og_url":"https:\/\/www.ibew-fioe2228.ca\/fr\/mise-en-candidature-et-election-des-dirigeants-syndicaux-de-la-section-locale-2228\/","og_site_name":"IBEW-FIOE 2228","article_published_time":"2025-02-11T13:41:40+00:00","article_modified_time":"2025-02-11T14:20:53+00:00","og_image":[{"width":125,"height":78,"url":"https:\/\/www.ibew-fioe2228.ca\/wp-content\/uploads\/2023\/01\/logo-1.png","type":"image\/png"}],"author":"Aryane Bertrand-Lavigne","twitter_card":"summary_large_image","twitter_misc":{"\u00c9crit par":"Aryane Bertrand-Lavigne","Dur\u00e9e de lecture estim\u00e9e":"3 minutes"},"schema":{"@context":"https:\/\/schema.org","@graph":[{"@type":"Article","@id":"https:\/\/www.ibew-fioe2228.ca\/fr\/mise-en-candidature-et-election-des-dirigeants-syndicaux-de-la-section-locale-2228\/#article","isPartOf":{"@id":"https:\/\/www.ibew-fioe2228.ca\/fr\/mise-en-candidature-et-election-des-dirigeants-syndicaux-de-la-section-locale-2228\/"},"author":{"name":"Aryane Bertrand-Lavigne","@id":"https:\/\/www.ibew-fioe2228.ca\/#\/schema\/person\/d819ef6acf02d4a87ab519fef5ffb655"},"headline":"Mise en candidature et \u00e9lection des dirigeants syndicaux de la section locale 2228","datePublished":"2025-02-11T13:41:40+00:00","dateModified":"2025-02-11T14:20:53+00:00","mainEntityOfPage":{"@id":"https:\/\/www.ibew-fioe2228.ca\/fr\/mise-en-candidature-et-election-des-dirigeants-syndicaux-de-la-section-locale-2228\/"},"wordCount":628,"commentCount":0,"publisher":{"@id":"https:\/\/www.ibew-fioe2228.ca\/#organization"},"articleSection":["Actualit\u00e9s"],"inLanguage":"fr-FR","potentialAction":[{"@type":"CommentAction","name":"Comment","target":["https:\/\/www.ibew-fioe2228.ca\/fr\/mise-en-candidature-et-election-des-dirigeants-syndicaux-de-la-section-locale-2228\/#respond"]}]},{"@type":"WebPage","@id":"https:\/\/www.ibew-fioe2228.ca\/fr\/mise-en-candidature-et-election-des-dirigeants-syndicaux-de-la-section-locale-2228\/","url":"https:\/\/www.ibew-fioe2228.ca\/fr\/mise-en-candidature-et-election-des-dirigeants-syndicaux-de-la-section-locale-2228\/","name":"Mise en candidature et \u00e9lection des dirigeants syndicaux de la section locale 2228 - IBEW-FIOE 2228","isPartOf":{"@id":"https:\/\/www.ibew-fioe2228.ca\/#website"},"datePublished":"2025-02-11T13:41:40+00:00","dateModified":"2025-02-11T14:20:53+00:00","description":"AVIS OFFICIEL Mise en candidature et \u00e9lection des dirigeants syndicaux de la section locale 2228 Veuillez noter que vous pouvez maintenant soumettre des","breadcrumb":{"@id":"https:\/\/www.ibew-fioe2228.ca\/fr\/mise-en-candidature-et-election-des-dirigeants-syndicaux-de-la-section-locale-2228\/#breadcrumb"},"inLanguage":"fr-FR","potentialAction":[{"@type":"ReadAction","target":["https:\/\/www.ibew-fioe2228.ca\/fr\/mise-en-candidature-et-election-des-dirigeants-syndicaux-de-la-section-locale-2228\/"]}]},{"@type":"BreadcrumbList","@id":"https:\/\/www.ibew-fioe2228.ca\/fr\/mise-en-candidature-et-election-des-dirigeants-syndicaux-de-la-section-locale-2228\/#breadcrumb","itemListElement":[{"@type":"ListItem","position":1,"name":"Home","item":"https:\/\/www.ibew-fioe2228.ca\/fr\/"},{"@type":"ListItem","position":2,"name":"Actualit\u00e9s","item":"https:\/\/www.ibew-fioe2228.ca\/fr\/category\/actualites\/"},{"@type":"ListItem","position":3,"name":"Mise en candidature et \u00e9lection des dirigeants syndicaux de la section locale 2228"}]},{"@type":"WebSite","@id":"https:\/\/www.ibew-fioe2228.ca\/#website","url":"https:\/\/www.ibew-fioe2228.ca\/","name":"IBEW-FIOE 2228","description":"","publisher":{"@id":"https:\/\/www.ibew-fioe2228.ca\/#organization"},"potentialAction":[{"@type":"SearchAction","target":{"@type":"EntryPoint","urlTemplate":"https:\/\/www.ibew-fioe2228.ca\/?s={search_term_string}"},"query-input":{"@type":"PropertyValueSpecification","valueRequired":true,"valueName":"search_term_string"}}],"inLanguage":"fr-FR"},{"@type":"Organization","@id":"https:\/\/www.ibew-fioe2228.ca\/#organization","name":"IBEW-FIOE 2228","url":"https:\/\/www.ibew-fioe2228.ca\/","logo":{"@type":"ImageObject","inLanguage":"fr-FR","@id":"https:\/\/www.ibew-fioe2228.ca\/#\/schema\/logo\/image\/","url":"https:\/\/www.ibew-fioe2228.ca\/wp-content\/uploads\/2023\/01\/logo-1.png","contentUrl":"https:\/\/www.ibew-fioe2228.ca\/wp-content\/uploads\/2023\/01\/logo-1.png","width":125,"height":78,"caption":"IBEW-FIOE 2228"},"image":{"@id":"https:\/\/www.ibew-fioe2228.ca\/#\/schema\/logo\/image\/"}},{"@type":"Person","@id":"https:\/\/www.ibew-fioe2228.ca\/#\/schema\/person\/d819ef6acf02d4a87ab519fef5ffb655","name":"Aryane Bertrand-Lavigne","image":{"@type":"ImageObject","inLanguage":"fr-FR","@id":"https:\/\/secure.gravatar.com\/avatar\/61eac0bca1bb28a758240593a0c2468cf80a99b53b01fc487f10de0c24b536fe?s=96&d=mm&r=g","url":"https:\/\/secure.gravatar.com\/avatar\/61eac0bca1bb28a758240593a0c2468cf80a99b53b01fc487f10de0c24b536fe?s=96&d=mm&r=g","contentUrl":"https:\/\/secure.gravatar.com\/avatar\/61eac0bca1bb28a758240593a0c2468cf80a99b53b01fc487f10de0c24b536fe?s=96&d=mm&r=g","caption":"Aryane Bertrand-Lavigne"},"url":"https:\/\/www.ibew-fioe2228.ca\/fr\/author\/aryane-bertrandlavigneibew2228-ca\/"}]}},"_links":{"self":[{"href":"https:\/\/www.ibew-fioe2228.ca\/fr\/wp-json\/wp\/v2\/posts\/1817","targetHints":{"allow":["GET"]}}],"collection":[{"href":"https:\/\/www.ibew-fioe2228.ca\/fr\/wp-json\/wp\/v2\/posts"}],"about":[{"href":"https:\/\/www.ibew-fioe2228.ca\/fr\/wp-json\/wp\/v2\/types\/post"}],"author":[{"embeddable":true,"href":"https:\/\/www.ibew-fioe2228.ca\/fr\/wp-json\/wp\/v2\/users\/47"}],"replies":[{"embeddable":true,"href":"https:\/\/www.ibew-fioe2228.ca\/fr\/wp-json\/wp\/v2\/comments?post=1817"}],"version-history":[{"count":4,"href":"https:\/\/www.ibew-fioe2228.ca\/fr\/wp-json\/wp\/v2\/posts\/1817\/revisions"}],"predecessor-version":[{"id":1827,"href":"https:\/\/www.ibew-fioe2228.ca\/fr\/wp-json\/wp\/v2\/posts\/1817\/revisions\/1827"}],"wp:attachment":[{"href":"https:\/\/www.ibew-fioe2228.ca\/fr\/wp-json\/wp\/v2\/media?parent=1817"}],"wp:term":[{"taxonomy":"category","embeddable":true,"href":"https:\/\/www.ibew-fioe2228.ca\/fr\/wp-json\/wp\/v2\/categories?post=1817"},{"taxonomy":"post_tag","embeddable":true,"href":"https:\/\/www.ibew-fioe2228.ca\/fr\/wp-json\/wp\/v2\/tags?post=1817"}],"curies":[{"name":"wp","href":"https:\/\/api.w.org\/{rel}","templated":true}]}}