{"id":1895,"date":"2025-04-14T18:13:08","date_gmt":"2025-04-14T18:13:08","guid":{"rendered":"https:\/\/www.ibew-fioe2228.ca\/?p=1895"},"modified":"2025-04-14T18:14:16","modified_gmt":"2025-04-14T18:14:16","slug":"nomination-dun-delegue-syndical-en-chef","status":"publish","type":"post","link":"https:\/\/www.ibew-fioe2228.ca\/fr\/nomination-dun-delegue-syndical-en-chef\/","title":{"rendered":"Nomination d\u2019un d\u00e9l\u00e9gu\u00e9 syndical en chef"},"content":{"rendered":"<p>J\u2019ai le plaisir d\u2019annoncer la nomination de Jason Pembleton au poste de d\u00e9l\u00e9gu\u00e9 syndical en chef pour nos membres de la r\u00e9gion\u00a04.<\/p>\n<p>Pembleton a consacr\u00e9 plus de 25\u00a0ans \u00e0 la FIOE\u00a02228 et \u00e0 Nav Canada. Ses connaissances et son professionnalisme en tant que technologue en \u00e9lectronique et d\u00e9l\u00e9gu\u00e9 syndical de la FIOE ne sont pas pass\u00e9s inaper\u00e7us.<\/p>\n<p>Il apporte un large \u00e9ventail d\u2019exp\u00e9riences et de connaissances au Bureau d\u2019affaires et servira les membres avec distinction.<\/p>\n<p>Les coordonn\u00e9es du confr\u00e8re Pembleton se<a href=\"https:\/\/www.ibew-fioe2228.ca\/fr\/nous-joindre\/delegues-syndicaux\/\"> trouvent ici<\/a><\/p>\n","protected":false},"excerpt":{"rendered":"<p>J\u2019ai le plaisir d\u2019annoncer la nomination de Jason Pembleton au  [&#8230;]<\/p>\n","protected":false},"author":47,"featured_media":0,"comment_status":"open","ping_status":"open","sticky":false,"template":"","format":"standard","meta":{"_acf_changed":false,"footnotes":""},"categories":[2],"tags":[],"class_list":["post-1895","post","type-post","status-publish","format-standard","hentry","category-actualites"],"acf":[],"yoast_head":"<!-- This site is optimized with the Yoast SEO plugin v27.3 - https:\/\/yoast.com\/product\/yoast-seo-wordpress\/ -->\n<title>Nomination d\u2019un d\u00e9l\u00e9gu\u00e9 syndical en chef - IBEW-FIOE 2228<\/title>\n<meta name=\"description\" content=\"J\u2019ai le plaisir d\u2019annoncer la nomination de Jason Pembleton au poste de d\u00e9l\u00e9gu\u00e9 syndical en chef pour nos membres de la r\u00e9gion\u00a04. Pembleton a consacr\u00e9\" \/>\n<meta name=\"robots\" content=\"index, follow, max-snippet:-1, max-image-preview:large, max-video-preview:-1\" \/>\n<link rel=\"canonical\" href=\"https:\/\/www.ibew-fioe2228.ca\/fr\/nomination-dun-delegue-syndical-en-chef\/\" \/>\n<meta property=\"og:locale\" content=\"fr_FR\" \/>\n<meta property=\"og:type\" content=\"article\" \/>\n<meta property=\"og:title\" content=\"Nomination d\u2019un d\u00e9l\u00e9gu\u00e9 syndical en chef - IBEW-FIOE 2228\" \/>\n<meta property=\"og:description\" content=\"J\u2019ai le plaisir d\u2019annoncer la nomination de Jason Pembleton au poste de d\u00e9l\u00e9gu\u00e9 syndical en chef pour nos membres de la r\u00e9gion\u00a04. Pembleton a consacr\u00e9\" \/>\n<meta property=\"og:url\" content=\"https:\/\/www.ibew-fioe2228.ca\/fr\/nomination-dun-delegue-syndical-en-chef\/\" \/>\n<meta property=\"og:site_name\" content=\"IBEW-FIOE 2228\" \/>\n<meta property=\"article:published_time\" content=\"2025-04-14T18:13:08+00:00\" \/>\n<meta property=\"article:modified_time\" content=\"2025-04-14T18:14:16+00:00\" \/>\n<meta property=\"og:image\" content=\"https:\/\/www.ibew-fioe2228.ca\/wp-content\/uploads\/2023\/01\/logo-1.png\" \/>\n\t<meta property=\"og:image:width\" content=\"125\" \/>\n\t<meta property=\"og:image:height\" content=\"78\" \/>\n\t<meta property=\"og:image:type\" content=\"image\/png\" \/>\n<meta name=\"author\" content=\"Aryane Bertrand-Lavigne\" \/>\n<meta name=\"twitter:card\" content=\"summary_large_image\" \/>\n<meta name=\"twitter:label1\" content=\"\u00c9crit par\" \/>\n\t<meta name=\"twitter:data1\" content=\"Aryane Bertrand-Lavigne\" \/>\n<script type=\"application\/ld+json\" class=\"yoast-schema-graph\">{\"@context\":\"https:\\\/\\\/schema.org\",\"@graph\":[{\"@type\":\"Article\",\"@id\":\"https:\\\/\\\/www.ibew-fioe2228.ca\\\/fr\\\/nomination-dun-delegue-syndical-en-chef\\\/#article\",\"isPartOf\":{\"@id\":\"https:\\\/\\\/www.ibew-fioe2228.ca\\\/fr\\\/nomination-dun-delegue-syndical-en-chef\\\/\"},\"author\":{\"name\":\"Aryane Bertrand-Lavigne\",\"@id\":\"https:\\\/\\\/www.ibew-fioe2228.ca\\\/#\\\/schema\\\/person\\\/d819ef6acf02d4a87ab519fef5ffb655\"},\"headline\":\"Nomination d\u2019un d\u00e9l\u00e9gu\u00e9 syndical en chef\",\"datePublished\":\"2025-04-14T18:13:08+00:00\",\"dateModified\":\"2025-04-14T18:14:16+00:00\",\"mainEntityOfPage\":{\"@id\":\"https:\\\/\\\/www.ibew-fioe2228.ca\\\/fr\\\/nomination-dun-delegue-syndical-en-chef\\\/\"},\"wordCount\":104,\"commentCount\":0,\"publisher\":{\"@id\":\"https:\\\/\\\/www.ibew-fioe2228.ca\\\/#organization\"},\"articleSection\":[\"Actualit\u00e9s\"],\"inLanguage\":\"fr-FR\",\"potentialAction\":[{\"@type\":\"CommentAction\",\"name\":\"Comment\",\"target\":[\"https:\\\/\\\/www.ibew-fioe2228.ca\\\/fr\\\/nomination-dun-delegue-syndical-en-chef\\\/#respond\"]}]},{\"@type\":\"WebPage\",\"@id\":\"https:\\\/\\\/www.ibew-fioe2228.ca\\\/fr\\\/nomination-dun-delegue-syndical-en-chef\\\/\",\"url\":\"https:\\\/\\\/www.ibew-fioe2228.ca\\\/fr\\\/nomination-dun-delegue-syndical-en-chef\\\/\",\"name\":\"Nomination d\u2019un d\u00e9l\u00e9gu\u00e9 syndical en chef - IBEW-FIOE 2228\",\"isPartOf\":{\"@id\":\"https:\\\/\\\/www.ibew-fioe2228.ca\\\/#website\"},\"datePublished\":\"2025-04-14T18:13:08+00:00\",\"dateModified\":\"2025-04-14T18:14:16+00:00\",\"description\":\"J\u2019ai le plaisir d\u2019annoncer la nomination de Jason Pembleton au poste de d\u00e9l\u00e9gu\u00e9 syndical en chef pour nos membres de la r\u00e9gion\u00a04. Pembleton a consacr\u00e9\",\"breadcrumb\":{\"@id\":\"https:\\\/\\\/www.ibew-fioe2228.ca\\\/fr\\\/nomination-dun-delegue-syndical-en-chef\\\/#breadcrumb\"},\"inLanguage\":\"fr-FR\",\"potentialAction\":[{\"@type\":\"ReadAction\",\"target\":[\"https:\\\/\\\/www.ibew-fioe2228.ca\\\/fr\\\/nomination-dun-delegue-syndical-en-chef\\\/\"]}]},{\"@type\":\"BreadcrumbList\",\"@id\":\"https:\\\/\\\/www.ibew-fioe2228.ca\\\/fr\\\/nomination-dun-delegue-syndical-en-chef\\\/#breadcrumb\",\"itemListElement\":[{\"@type\":\"ListItem\",\"position\":1,\"name\":\"Home\",\"item\":\"https:\\\/\\\/www.ibew-fioe2228.ca\\\/fr\\\/\"},{\"@type\":\"ListItem\",\"position\":2,\"name\":\"Actualit\u00e9s\",\"item\":\"https:\\\/\\\/www.ibew-fioe2228.ca\\\/fr\\\/category\\\/actualites\\\/\"},{\"@type\":\"ListItem\",\"position\":3,\"name\":\"Nomination d\u2019un d\u00e9l\u00e9gu\u00e9 syndical en chef\"}]},{\"@type\":\"WebSite\",\"@id\":\"https:\\\/\\\/www.ibew-fioe2228.ca\\\/#website\",\"url\":\"https:\\\/\\\/www.ibew-fioe2228.ca\\\/\",\"name\":\"IBEW-FIOE 2228\",\"description\":\"\",\"publisher\":{\"@id\":\"https:\\\/\\\/www.ibew-fioe2228.ca\\\/#organization\"},\"potentialAction\":[{\"@type\":\"SearchAction\",\"target\":{\"@type\":\"EntryPoint\",\"urlTemplate\":\"https:\\\/\\\/www.ibew-fioe2228.ca\\\/?s={search_term_string}\"},\"query-input\":{\"@type\":\"PropertyValueSpecification\",\"valueRequired\":true,\"valueName\":\"search_term_string\"}}],\"inLanguage\":\"fr-FR\"},{\"@type\":\"Organization\",\"@id\":\"https:\\\/\\\/www.ibew-fioe2228.ca\\\/#organization\",\"name\":\"IBEW-FIOE 2228\",\"url\":\"https:\\\/\\\/www.ibew-fioe2228.ca\\\/\",\"logo\":{\"@type\":\"ImageObject\",\"inLanguage\":\"fr-FR\",\"@id\":\"https:\\\/\\\/www.ibew-fioe2228.ca\\\/#\\\/schema\\\/logo\\\/image\\\/\",\"url\":\"https:\\\/\\\/www.ibew-fioe2228.ca\\\/wp-content\\\/uploads\\\/2023\\\/01\\\/logo-1.png\",\"contentUrl\":\"https:\\\/\\\/www.ibew-fioe2228.ca\\\/wp-content\\\/uploads\\\/2023\\\/01\\\/logo-1.png\",\"width\":125,\"height\":78,\"caption\":\"IBEW-FIOE 2228\"},\"image\":{\"@id\":\"https:\\\/\\\/www.ibew-fioe2228.ca\\\/#\\\/schema\\\/logo\\\/image\\\/\"}},{\"@type\":\"Person\",\"@id\":\"https:\\\/\\\/www.ibew-fioe2228.ca\\\/#\\\/schema\\\/person\\\/d819ef6acf02d4a87ab519fef5ffb655\",\"name\":\"Aryane Bertrand-Lavigne\",\"image\":{\"@type\":\"ImageObject\",\"inLanguage\":\"fr-FR\",\"@id\":\"https:\\\/\\\/secure.gravatar.com\\\/avatar\\\/61eac0bca1bb28a758240593a0c2468cf80a99b53b01fc487f10de0c24b536fe?s=96&d=mm&r=g\",\"url\":\"https:\\\/\\\/secure.gravatar.com\\\/avatar\\\/61eac0bca1bb28a758240593a0c2468cf80a99b53b01fc487f10de0c24b536fe?s=96&d=mm&r=g\",\"contentUrl\":\"https:\\\/\\\/secure.gravatar.com\\\/avatar\\\/61eac0bca1bb28a758240593a0c2468cf80a99b53b01fc487f10de0c24b536fe?s=96&d=mm&r=g\",\"caption\":\"Aryane Bertrand-Lavigne\"},\"url\":\"https:\\\/\\\/www.ibew-fioe2228.ca\\\/fr\\\/author\\\/aryane-bertrandlavigneibew2228-ca\\\/\"}]}<\/script>\n<!-- \/ Yoast SEO plugin. -->","yoast_head_json":{"title":"Nomination d\u2019un d\u00e9l\u00e9gu\u00e9 syndical en chef - IBEW-FIOE 2228","description":"J\u2019ai le plaisir d\u2019annoncer la nomination de Jason Pembleton au poste de d\u00e9l\u00e9gu\u00e9 syndical en chef pour nos membres de la r\u00e9gion\u00a04. Pembleton a consacr\u00e9","robots":{"index":"index","follow":"follow","max-snippet":"max-snippet:-1","max-image-preview":"max-image-preview:large","max-video-preview":"max-video-preview:-1"},"canonical":"https:\/\/www.ibew-fioe2228.ca\/fr\/nomination-dun-delegue-syndical-en-chef\/","og_locale":"fr_FR","og_type":"article","og_title":"Nomination d\u2019un d\u00e9l\u00e9gu\u00e9 syndical en chef - IBEW-FIOE 2228","og_description":"J\u2019ai le plaisir d\u2019annoncer la nomination de Jason Pembleton au poste de d\u00e9l\u00e9gu\u00e9 syndical en chef pour nos membres de la r\u00e9gion\u00a04. Pembleton a consacr\u00e9","og_url":"https:\/\/www.ibew-fioe2228.ca\/fr\/nomination-dun-delegue-syndical-en-chef\/","og_site_name":"IBEW-FIOE 2228","article_published_time":"2025-04-14T18:13:08+00:00","article_modified_time":"2025-04-14T18:14:16+00:00","og_image":[{"width":125,"height":78,"url":"https:\/\/www.ibew-fioe2228.ca\/wp-content\/uploads\/2023\/01\/logo-1.png","type":"image\/png"}],"author":"Aryane Bertrand-Lavigne","twitter_card":"summary_large_image","twitter_misc":{"\u00c9crit par":"Aryane Bertrand-Lavigne"},"schema":{"@context":"https:\/\/schema.org","@graph":[{"@type":"Article","@id":"https:\/\/www.ibew-fioe2228.ca\/fr\/nomination-dun-delegue-syndical-en-chef\/#article","isPartOf":{"@id":"https:\/\/www.ibew-fioe2228.ca\/fr\/nomination-dun-delegue-syndical-en-chef\/"},"author":{"name":"Aryane Bertrand-Lavigne","@id":"https:\/\/www.ibew-fioe2228.ca\/#\/schema\/person\/d819ef6acf02d4a87ab519fef5ffb655"},"headline":"Nomination d\u2019un d\u00e9l\u00e9gu\u00e9 syndical en chef","datePublished":"2025-04-14T18:13:08+00:00","dateModified":"2025-04-14T18:14:16+00:00","mainEntityOfPage":{"@id":"https:\/\/www.ibew-fioe2228.ca\/fr\/nomination-dun-delegue-syndical-en-chef\/"},"wordCount":104,"commentCount":0,"publisher":{"@id":"https:\/\/www.ibew-fioe2228.ca\/#organization"},"articleSection":["Actualit\u00e9s"],"inLanguage":"fr-FR","potentialAction":[{"@type":"CommentAction","name":"Comment","target":["https:\/\/www.ibew-fioe2228.ca\/fr\/nomination-dun-delegue-syndical-en-chef\/#respond"]}]},{"@type":"WebPage","@id":"https:\/\/www.ibew-fioe2228.ca\/fr\/nomination-dun-delegue-syndical-en-chef\/","url":"https:\/\/www.ibew-fioe2228.ca\/fr\/nomination-dun-delegue-syndical-en-chef\/","name":"Nomination d\u2019un d\u00e9l\u00e9gu\u00e9 syndical en chef - IBEW-FIOE 2228","isPartOf":{"@id":"https:\/\/www.ibew-fioe2228.ca\/#website"},"datePublished":"2025-04-14T18:13:08+00:00","dateModified":"2025-04-14T18:14:16+00:00","description":"J\u2019ai le plaisir d\u2019annoncer la nomination de Jason Pembleton au poste de d\u00e9l\u00e9gu\u00e9 syndical en chef pour nos membres de la r\u00e9gion\u00a04. Pembleton a consacr\u00e9","breadcrumb":{"@id":"https:\/\/www.ibew-fioe2228.ca\/fr\/nomination-dun-delegue-syndical-en-chef\/#breadcrumb"},"inLanguage":"fr-FR","potentialAction":[{"@type":"ReadAction","target":["https:\/\/www.ibew-fioe2228.ca\/fr\/nomination-dun-delegue-syndical-en-chef\/"]}]},{"@type":"BreadcrumbList","@id":"https:\/\/www.ibew-fioe2228.ca\/fr\/nomination-dun-delegue-syndical-en-chef\/#breadcrumb","itemListElement":[{"@type":"ListItem","position":1,"name":"Home","item":"https:\/\/www.ibew-fioe2228.ca\/fr\/"},{"@type":"ListItem","position":2,"name":"Actualit\u00e9s","item":"https:\/\/www.ibew-fioe2228.ca\/fr\/category\/actualites\/"},{"@type":"ListItem","position":3,"name":"Nomination d\u2019un d\u00e9l\u00e9gu\u00e9 syndical en chef"}]},{"@type":"WebSite","@id":"https:\/\/www.ibew-fioe2228.ca\/#website","url":"https:\/\/www.ibew-fioe2228.ca\/","name":"IBEW-FIOE 2228","description":"","publisher":{"@id":"https:\/\/www.ibew-fioe2228.ca\/#organization"},"potentialAction":[{"@type":"SearchAction","target":{"@type":"EntryPoint","urlTemplate":"https:\/\/www.ibew-fioe2228.ca\/?s={search_term_string}"},"query-input":{"@type":"PropertyValueSpecification","valueRequired":true,"valueName":"search_term_string"}}],"inLanguage":"fr-FR"},{"@type":"Organization","@id":"https:\/\/www.ibew-fioe2228.ca\/#organization","name":"IBEW-FIOE 2228","url":"https:\/\/www.ibew-fioe2228.ca\/","logo":{"@type":"ImageObject","inLanguage":"fr-FR","@id":"https:\/\/www.ibew-fioe2228.ca\/#\/schema\/logo\/image\/","url":"https:\/\/www.ibew-fioe2228.ca\/wp-content\/uploads\/2023\/01\/logo-1.png","contentUrl":"https:\/\/www.ibew-fioe2228.ca\/wp-content\/uploads\/2023\/01\/logo-1.png","width":125,"height":78,"caption":"IBEW-FIOE 2228"},"image":{"@id":"https:\/\/www.ibew-fioe2228.ca\/#\/schema\/logo\/image\/"}},{"@type":"Person","@id":"https:\/\/www.ibew-fioe2228.ca\/#\/schema\/person\/d819ef6acf02d4a87ab519fef5ffb655","name":"Aryane Bertrand-Lavigne","image":{"@type":"ImageObject","inLanguage":"fr-FR","@id":"https:\/\/secure.gravatar.com\/avatar\/61eac0bca1bb28a758240593a0c2468cf80a99b53b01fc487f10de0c24b536fe?s=96&d=mm&r=g","url":"https:\/\/secure.gravatar.com\/avatar\/61eac0bca1bb28a758240593a0c2468cf80a99b53b01fc487f10de0c24b536fe?s=96&d=mm&r=g","contentUrl":"https:\/\/secure.gravatar.com\/avatar\/61eac0bca1bb28a758240593a0c2468cf80a99b53b01fc487f10de0c24b536fe?s=96&d=mm&r=g","caption":"Aryane Bertrand-Lavigne"},"url":"https:\/\/www.ibew-fioe2228.ca\/fr\/author\/aryane-bertrandlavigneibew2228-ca\/"}]}},"_links":{"self":[{"href":"https:\/\/www.ibew-fioe2228.ca\/fr\/wp-json\/wp\/v2\/posts\/1895","targetHints":{"allow":["GET"]}}],"collection":[{"href":"https:\/\/www.ibew-fioe2228.ca\/fr\/wp-json\/wp\/v2\/posts"}],"about":[{"href":"https:\/\/www.ibew-fioe2228.ca\/fr\/wp-json\/wp\/v2\/types\/post"}],"author":[{"embeddable":true,"href":"https:\/\/www.ibew-fioe2228.ca\/fr\/wp-json\/wp\/v2\/users\/47"}],"replies":[{"embeddable":true,"href":"https:\/\/www.ibew-fioe2228.ca\/fr\/wp-json\/wp\/v2\/comments?post=1895"}],"version-history":[{"count":1,"href":"https:\/\/www.ibew-fioe2228.ca\/fr\/wp-json\/wp\/v2\/posts\/1895\/revisions"}],"predecessor-version":[{"id":1896,"href":"https:\/\/www.ibew-fioe2228.ca\/fr\/wp-json\/wp\/v2\/posts\/1895\/revisions\/1896"}],"wp:attachment":[{"href":"https:\/\/www.ibew-fioe2228.ca\/fr\/wp-json\/wp\/v2\/media?parent=1895"}],"wp:term":[{"taxonomy":"category","embeddable":true,"href":"https:\/\/www.ibew-fioe2228.ca\/fr\/wp-json\/wp\/v2\/categories?post=1895"},{"taxonomy":"post_tag","embeddable":true,"href":"https:\/\/www.ibew-fioe2228.ca\/fr\/wp-json\/wp\/v2\/tags?post=1895"}],"curies":[{"name":"wp","href":"https:\/\/api.w.org\/{rel}","templated":true}]}}