{"id":1915,"date":"2025-04-14T18:48:26","date_gmt":"2025-04-14T18:48:26","guid":{"rendered":"https:\/\/www.ibew-fioe2228.ca\/?p=1915"},"modified":"2025-04-14T18:50:21","modified_gmt":"2025-04-14T18:50:21","slug":"mise-a-jour-sur-les-negociations-avec-nasittuq-2","status":"publish","type":"post","link":"https:\/\/www.ibew-fioe2228.ca\/fr\/mise-a-jour-sur-les-negociations-avec-nasittuq-2\/","title":{"rendered":"Mise \u00e0 jour sur les n\u00e9gociations avec Nasittuq"},"content":{"rendered":"<p>Le 8\u00a0avril, la section locale et Nasittuq Corp. ont \u00e9chang\u00e9 leurs propositions pour entamer officiellement le processus de n\u00e9gociation sur l\u2019article concernant le r\u00e9examen des salaires.<\/p>\n<p>La semaine de n\u00e9gociation a consist\u00e9 en des discussions exploratoires et de clarification concernant quelques articles non mon\u00e9taires de la convention collective. Un article de clarification concernant l\u2019accumulation des vacances a \u00e9t\u00e9 accept\u00e9 et sign\u00e9.<\/p>\n<p>L\u2019\u00e9quipe de n\u00e9gociation de la section locale a pr\u00e9sent\u00e9 \u00e0 l\u2019employeur un ensemble de salaires \u00e9quitables et sains pour examen. Les membres de la FIOE\u00a02228 travaillant pour Nasittuq ont vu leurs salaires de base stagner au cours des derni\u00e8res ann\u00e9es et, dans certains cas, prendre du retard par rapport \u00e0 des employ\u00e9s occupant des postes comparables qui effectuent un travail similaire chez d\u2019autres employeurs. L\u2019\u00e9quipe de n\u00e9gociation estime que le moment est venu de corriger cette situation.<\/p>\n<p>Malgr\u00e9 les efforts d\u00e9ploy\u00e9s pour parvenir \u00e0 un accord sur les salaires, la section locale et Nasittuq n\u2019ont pas r\u00e9ussi \u00e0 combler l\u2019\u00e9cart important entre la proposition salariale de la section locale et l\u2019offre salariale de l\u2019employeur. En cons\u00e9quence, l\u2019affaire est soumise \u00e0 l\u2019arbitrage d\u2019un tiers ind\u00e9pendant.<\/p>\n<p>Veuillez consulter le site web pour les mises \u00e0 jour futures.<\/p>\n<p>Les propositions salariales de la section locale et de l\u2019employeur peuvent \u00eatre consult\u00e9es aux liens suivants.<\/p>\n<ul>\n<li><a href=\"https:\/\/www.ibew-fioe2228.ca\/wp-content\/uploads\/2025\/04\/IBEW-2228-Proposal-to-Nasittuq-08-April-2025-fr-002.pdf\">Propositions de la section locale\u00a02228 <\/a><\/li>\n<li><a href=\"https:\/\/www.ibew-fioe2228.ca\/wp-content\/uploads\/2025\/04\/Nasittuq-Final-Offer-to-Settle-April-9-2025-fr.pdf\">Propositions de l\u2019employeur<\/a><\/li>\n<\/ul>\n<p>En toute solidarit\u00e9<\/p>\n<p>Paul Cameron<\/p>\n<p>G\u00e9rant d\u2019affaires\/Secr\u00e9taire financier<\/p>\n<p>SL 2228 FIOE<\/p>\n","protected":false},"excerpt":{"rendered":"<p>Le 8\u00a0avril, la section locale et Nasittuq Corp. ont \u00e9chang\u00e9  [&#8230;]<\/p>\n","protected":false},"author":47,"featured_media":0,"comment_status":"open","ping_status":"open","sticky":false,"template":"","format":"standard","meta":{"_acf_changed":false,"footnotes":""},"categories":[47],"tags":[],"class_list":["post-1915","post","type-post","status-publish","format-standard","hentry","category-unite-de-negociation-autres"],"acf":[],"yoast_head":"<!-- This site is optimized with the Yoast SEO plugin v27.3 - https:\/\/yoast.com\/product\/yoast-seo-wordpress\/ -->\n<title>Mise \u00e0 jour sur les n\u00e9gociations avec Nasittuq - IBEW-FIOE 2228<\/title>\n<meta name=\"description\" content=\"Le 8\u00a0avril, la section locale et Nasittuq Corp. ont \u00e9chang\u00e9 leurs propositions pour entamer officiellement le processus de n\u00e9gociation sur l\u2019article\" \/>\n<meta name=\"robots\" content=\"index, follow, max-snippet:-1, max-image-preview:large, max-video-preview:-1\" \/>\n<link rel=\"canonical\" href=\"https:\/\/www.ibew-fioe2228.ca\/fr\/mise-a-jour-sur-les-negociations-avec-nasittuq-2\/\" \/>\n<meta property=\"og:locale\" content=\"fr_FR\" \/>\n<meta property=\"og:type\" content=\"article\" \/>\n<meta property=\"og:title\" content=\"Mise \u00e0 jour sur les n\u00e9gociations avec Nasittuq - IBEW-FIOE 2228\" \/>\n<meta property=\"og:description\" content=\"Le 8\u00a0avril, la section locale et Nasittuq Corp. ont \u00e9chang\u00e9 leurs propositions pour entamer officiellement le processus de n\u00e9gociation sur l\u2019article\" \/>\n<meta property=\"og:url\" content=\"https:\/\/www.ibew-fioe2228.ca\/fr\/mise-a-jour-sur-les-negociations-avec-nasittuq-2\/\" \/>\n<meta property=\"og:site_name\" content=\"IBEW-FIOE 2228\" \/>\n<meta property=\"article:published_time\" content=\"2025-04-14T18:48:26+00:00\" \/>\n<meta property=\"article:modified_time\" content=\"2025-04-14T18:50:21+00:00\" \/>\n<meta property=\"og:image\" content=\"https:\/\/www.ibew-fioe2228.ca\/wp-content\/uploads\/2023\/01\/logo-1.png\" \/>\n\t<meta property=\"og:image:width\" content=\"125\" \/>\n\t<meta property=\"og:image:height\" content=\"78\" \/>\n\t<meta property=\"og:image:type\" content=\"image\/png\" \/>\n<meta name=\"author\" content=\"Aryane Bertrand-Lavigne\" \/>\n<meta name=\"twitter:card\" content=\"summary_large_image\" \/>\n<meta name=\"twitter:label1\" content=\"\u00c9crit par\" \/>\n\t<meta name=\"twitter:data1\" content=\"Aryane Bertrand-Lavigne\" \/>\n<script type=\"application\/ld+json\" class=\"yoast-schema-graph\">{\"@context\":\"https:\\\/\\\/schema.org\",\"@graph\":[{\"@type\":\"Article\",\"@id\":\"https:\\\/\\\/www.ibew-fioe2228.ca\\\/fr\\\/mise-a-jour-sur-les-negociations-avec-nasittuq-2\\\/#article\",\"isPartOf\":{\"@id\":\"https:\\\/\\\/www.ibew-fioe2228.ca\\\/fr\\\/mise-a-jour-sur-les-negociations-avec-nasittuq-2\\\/\"},\"author\":{\"name\":\"Aryane Bertrand-Lavigne\",\"@id\":\"https:\\\/\\\/www.ibew-fioe2228.ca\\\/#\\\/schema\\\/person\\\/d819ef6acf02d4a87ab519fef5ffb655\"},\"headline\":\"Mise \u00e0 jour sur les n\u00e9gociations avec Nasittuq\",\"datePublished\":\"2025-04-14T18:48:26+00:00\",\"dateModified\":\"2025-04-14T18:50:21+00:00\",\"mainEntityOfPage\":{\"@id\":\"https:\\\/\\\/www.ibew-fioe2228.ca\\\/fr\\\/mise-a-jour-sur-les-negociations-avec-nasittuq-2\\\/\"},\"wordCount\":267,\"commentCount\":0,\"publisher\":{\"@id\":\"https:\\\/\\\/www.ibew-fioe2228.ca\\\/#organization\"},\"articleSection\":[\"Unit\u00e9 de N\u00e9gociation - Autres\"],\"inLanguage\":\"fr-FR\",\"potentialAction\":[{\"@type\":\"CommentAction\",\"name\":\"Comment\",\"target\":[\"https:\\\/\\\/www.ibew-fioe2228.ca\\\/fr\\\/mise-a-jour-sur-les-negociations-avec-nasittuq-2\\\/#respond\"]}]},{\"@type\":\"WebPage\",\"@id\":\"https:\\\/\\\/www.ibew-fioe2228.ca\\\/fr\\\/mise-a-jour-sur-les-negociations-avec-nasittuq-2\\\/\",\"url\":\"https:\\\/\\\/www.ibew-fioe2228.ca\\\/fr\\\/mise-a-jour-sur-les-negociations-avec-nasittuq-2\\\/\",\"name\":\"Mise \u00e0 jour sur les n\u00e9gociations avec Nasittuq - IBEW-FIOE 2228\",\"isPartOf\":{\"@id\":\"https:\\\/\\\/www.ibew-fioe2228.ca\\\/#website\"},\"datePublished\":\"2025-04-14T18:48:26+00:00\",\"dateModified\":\"2025-04-14T18:50:21+00:00\",\"description\":\"Le 8\u00a0avril, la section locale et Nasittuq Corp. ont \u00e9chang\u00e9 leurs propositions pour entamer officiellement le processus de n\u00e9gociation sur l\u2019article\",\"breadcrumb\":{\"@id\":\"https:\\\/\\\/www.ibew-fioe2228.ca\\\/fr\\\/mise-a-jour-sur-les-negociations-avec-nasittuq-2\\\/#breadcrumb\"},\"inLanguage\":\"fr-FR\",\"potentialAction\":[{\"@type\":\"ReadAction\",\"target\":[\"https:\\\/\\\/www.ibew-fioe2228.ca\\\/fr\\\/mise-a-jour-sur-les-negociations-avec-nasittuq-2\\\/\"]}]},{\"@type\":\"BreadcrumbList\",\"@id\":\"https:\\\/\\\/www.ibew-fioe2228.ca\\\/fr\\\/mise-a-jour-sur-les-negociations-avec-nasittuq-2\\\/#breadcrumb\",\"itemListElement\":[{\"@type\":\"ListItem\",\"position\":1,\"name\":\"Home\",\"item\":\"https:\\\/\\\/www.ibew-fioe2228.ca\\\/fr\\\/\"},{\"@type\":\"ListItem\",\"position\":2,\"name\":\"Bargaining Unit - Others\",\"item\":\"https:\\\/\\\/www.ibew-fioe2228.ca\\\/category\\\/bargaining-unit-others\\\/\"},{\"@type\":\"ListItem\",\"position\":3,\"name\":\"Mise \u00e0 jour sur les n\u00e9gociations avec Nasittuq\"}]},{\"@type\":\"WebSite\",\"@id\":\"https:\\\/\\\/www.ibew-fioe2228.ca\\\/#website\",\"url\":\"https:\\\/\\\/www.ibew-fioe2228.ca\\\/\",\"name\":\"IBEW-FIOE 2228\",\"description\":\"\",\"publisher\":{\"@id\":\"https:\\\/\\\/www.ibew-fioe2228.ca\\\/#organization\"},\"potentialAction\":[{\"@type\":\"SearchAction\",\"target\":{\"@type\":\"EntryPoint\",\"urlTemplate\":\"https:\\\/\\\/www.ibew-fioe2228.ca\\\/?s={search_term_string}\"},\"query-input\":{\"@type\":\"PropertyValueSpecification\",\"valueRequired\":true,\"valueName\":\"search_term_string\"}}],\"inLanguage\":\"fr-FR\"},{\"@type\":\"Organization\",\"@id\":\"https:\\\/\\\/www.ibew-fioe2228.ca\\\/#organization\",\"name\":\"IBEW-FIOE 2228\",\"url\":\"https:\\\/\\\/www.ibew-fioe2228.ca\\\/\",\"logo\":{\"@type\":\"ImageObject\",\"inLanguage\":\"fr-FR\",\"@id\":\"https:\\\/\\\/www.ibew-fioe2228.ca\\\/#\\\/schema\\\/logo\\\/image\\\/\",\"url\":\"https:\\\/\\\/www.ibew-fioe2228.ca\\\/wp-content\\\/uploads\\\/2023\\\/01\\\/logo-1.png\",\"contentUrl\":\"https:\\\/\\\/www.ibew-fioe2228.ca\\\/wp-content\\\/uploads\\\/2023\\\/01\\\/logo-1.png\",\"width\":125,\"height\":78,\"caption\":\"IBEW-FIOE 2228\"},\"image\":{\"@id\":\"https:\\\/\\\/www.ibew-fioe2228.ca\\\/#\\\/schema\\\/logo\\\/image\\\/\"}},{\"@type\":\"Person\",\"@id\":\"https:\\\/\\\/www.ibew-fioe2228.ca\\\/#\\\/schema\\\/person\\\/d819ef6acf02d4a87ab519fef5ffb655\",\"name\":\"Aryane Bertrand-Lavigne\",\"image\":{\"@type\":\"ImageObject\",\"inLanguage\":\"fr-FR\",\"@id\":\"https:\\\/\\\/secure.gravatar.com\\\/avatar\\\/61eac0bca1bb28a758240593a0c2468cf80a99b53b01fc487f10de0c24b536fe?s=96&d=mm&r=g\",\"url\":\"https:\\\/\\\/secure.gravatar.com\\\/avatar\\\/61eac0bca1bb28a758240593a0c2468cf80a99b53b01fc487f10de0c24b536fe?s=96&d=mm&r=g\",\"contentUrl\":\"https:\\\/\\\/secure.gravatar.com\\\/avatar\\\/61eac0bca1bb28a758240593a0c2468cf80a99b53b01fc487f10de0c24b536fe?s=96&d=mm&r=g\",\"caption\":\"Aryane Bertrand-Lavigne\"},\"url\":\"https:\\\/\\\/www.ibew-fioe2228.ca\\\/fr\\\/author\\\/aryane-bertrandlavigneibew2228-ca\\\/\"}]}<\/script>\n<!-- \/ Yoast SEO plugin. -->","yoast_head_json":{"title":"Mise \u00e0 jour sur les n\u00e9gociations avec Nasittuq - IBEW-FIOE 2228","description":"Le 8\u00a0avril, la section locale et Nasittuq Corp. ont \u00e9chang\u00e9 leurs propositions pour entamer officiellement le processus de n\u00e9gociation sur l\u2019article","robots":{"index":"index","follow":"follow","max-snippet":"max-snippet:-1","max-image-preview":"max-image-preview:large","max-video-preview":"max-video-preview:-1"},"canonical":"https:\/\/www.ibew-fioe2228.ca\/fr\/mise-a-jour-sur-les-negociations-avec-nasittuq-2\/","og_locale":"fr_FR","og_type":"article","og_title":"Mise \u00e0 jour sur les n\u00e9gociations avec Nasittuq - IBEW-FIOE 2228","og_description":"Le 8\u00a0avril, la section locale et Nasittuq Corp. ont \u00e9chang\u00e9 leurs propositions pour entamer officiellement le processus de n\u00e9gociation sur l\u2019article","og_url":"https:\/\/www.ibew-fioe2228.ca\/fr\/mise-a-jour-sur-les-negociations-avec-nasittuq-2\/","og_site_name":"IBEW-FIOE 2228","article_published_time":"2025-04-14T18:48:26+00:00","article_modified_time":"2025-04-14T18:50:21+00:00","og_image":[{"width":125,"height":78,"url":"https:\/\/www.ibew-fioe2228.ca\/wp-content\/uploads\/2023\/01\/logo-1.png","type":"image\/png"}],"author":"Aryane Bertrand-Lavigne","twitter_card":"summary_large_image","twitter_misc":{"\u00c9crit par":"Aryane Bertrand-Lavigne"},"schema":{"@context":"https:\/\/schema.org","@graph":[{"@type":"Article","@id":"https:\/\/www.ibew-fioe2228.ca\/fr\/mise-a-jour-sur-les-negociations-avec-nasittuq-2\/#article","isPartOf":{"@id":"https:\/\/www.ibew-fioe2228.ca\/fr\/mise-a-jour-sur-les-negociations-avec-nasittuq-2\/"},"author":{"name":"Aryane Bertrand-Lavigne","@id":"https:\/\/www.ibew-fioe2228.ca\/#\/schema\/person\/d819ef6acf02d4a87ab519fef5ffb655"},"headline":"Mise \u00e0 jour sur les n\u00e9gociations avec Nasittuq","datePublished":"2025-04-14T18:48:26+00:00","dateModified":"2025-04-14T18:50:21+00:00","mainEntityOfPage":{"@id":"https:\/\/www.ibew-fioe2228.ca\/fr\/mise-a-jour-sur-les-negociations-avec-nasittuq-2\/"},"wordCount":267,"commentCount":0,"publisher":{"@id":"https:\/\/www.ibew-fioe2228.ca\/#organization"},"articleSection":["Unit\u00e9 de N\u00e9gociation - Autres"],"inLanguage":"fr-FR","potentialAction":[{"@type":"CommentAction","name":"Comment","target":["https:\/\/www.ibew-fioe2228.ca\/fr\/mise-a-jour-sur-les-negociations-avec-nasittuq-2\/#respond"]}]},{"@type":"WebPage","@id":"https:\/\/www.ibew-fioe2228.ca\/fr\/mise-a-jour-sur-les-negociations-avec-nasittuq-2\/","url":"https:\/\/www.ibew-fioe2228.ca\/fr\/mise-a-jour-sur-les-negociations-avec-nasittuq-2\/","name":"Mise \u00e0 jour sur les n\u00e9gociations avec Nasittuq - IBEW-FIOE 2228","isPartOf":{"@id":"https:\/\/www.ibew-fioe2228.ca\/#website"},"datePublished":"2025-04-14T18:48:26+00:00","dateModified":"2025-04-14T18:50:21+00:00","description":"Le 8\u00a0avril, la section locale et Nasittuq Corp. ont \u00e9chang\u00e9 leurs propositions pour entamer officiellement le processus de n\u00e9gociation sur l\u2019article","breadcrumb":{"@id":"https:\/\/www.ibew-fioe2228.ca\/fr\/mise-a-jour-sur-les-negociations-avec-nasittuq-2\/#breadcrumb"},"inLanguage":"fr-FR","potentialAction":[{"@type":"ReadAction","target":["https:\/\/www.ibew-fioe2228.ca\/fr\/mise-a-jour-sur-les-negociations-avec-nasittuq-2\/"]}]},{"@type":"BreadcrumbList","@id":"https:\/\/www.ibew-fioe2228.ca\/fr\/mise-a-jour-sur-les-negociations-avec-nasittuq-2\/#breadcrumb","itemListElement":[{"@type":"ListItem","position":1,"name":"Home","item":"https:\/\/www.ibew-fioe2228.ca\/fr\/"},{"@type":"ListItem","position":2,"name":"Bargaining Unit - Others","item":"https:\/\/www.ibew-fioe2228.ca\/category\/bargaining-unit-others\/"},{"@type":"ListItem","position":3,"name":"Mise \u00e0 jour sur les n\u00e9gociations avec Nasittuq"}]},{"@type":"WebSite","@id":"https:\/\/www.ibew-fioe2228.ca\/#website","url":"https:\/\/www.ibew-fioe2228.ca\/","name":"IBEW-FIOE 2228","description":"","publisher":{"@id":"https:\/\/www.ibew-fioe2228.ca\/#organization"},"potentialAction":[{"@type":"SearchAction","target":{"@type":"EntryPoint","urlTemplate":"https:\/\/www.ibew-fioe2228.ca\/?s={search_term_string}"},"query-input":{"@type":"PropertyValueSpecification","valueRequired":true,"valueName":"search_term_string"}}],"inLanguage":"fr-FR"},{"@type":"Organization","@id":"https:\/\/www.ibew-fioe2228.ca\/#organization","name":"IBEW-FIOE 2228","url":"https:\/\/www.ibew-fioe2228.ca\/","logo":{"@type":"ImageObject","inLanguage":"fr-FR","@id":"https:\/\/www.ibew-fioe2228.ca\/#\/schema\/logo\/image\/","url":"https:\/\/www.ibew-fioe2228.ca\/wp-content\/uploads\/2023\/01\/logo-1.png","contentUrl":"https:\/\/www.ibew-fioe2228.ca\/wp-content\/uploads\/2023\/01\/logo-1.png","width":125,"height":78,"caption":"IBEW-FIOE 2228"},"image":{"@id":"https:\/\/www.ibew-fioe2228.ca\/#\/schema\/logo\/image\/"}},{"@type":"Person","@id":"https:\/\/www.ibew-fioe2228.ca\/#\/schema\/person\/d819ef6acf02d4a87ab519fef5ffb655","name":"Aryane Bertrand-Lavigne","image":{"@type":"ImageObject","inLanguage":"fr-FR","@id":"https:\/\/secure.gravatar.com\/avatar\/61eac0bca1bb28a758240593a0c2468cf80a99b53b01fc487f10de0c24b536fe?s=96&d=mm&r=g","url":"https:\/\/secure.gravatar.com\/avatar\/61eac0bca1bb28a758240593a0c2468cf80a99b53b01fc487f10de0c24b536fe?s=96&d=mm&r=g","contentUrl":"https:\/\/secure.gravatar.com\/avatar\/61eac0bca1bb28a758240593a0c2468cf80a99b53b01fc487f10de0c24b536fe?s=96&d=mm&r=g","caption":"Aryane Bertrand-Lavigne"},"url":"https:\/\/www.ibew-fioe2228.ca\/fr\/author\/aryane-bertrandlavigneibew2228-ca\/"}]}},"_links":{"self":[{"href":"https:\/\/www.ibew-fioe2228.ca\/fr\/wp-json\/wp\/v2\/posts\/1915","targetHints":{"allow":["GET"]}}],"collection":[{"href":"https:\/\/www.ibew-fioe2228.ca\/fr\/wp-json\/wp\/v2\/posts"}],"about":[{"href":"https:\/\/www.ibew-fioe2228.ca\/fr\/wp-json\/wp\/v2\/types\/post"}],"author":[{"embeddable":true,"href":"https:\/\/www.ibew-fioe2228.ca\/fr\/wp-json\/wp\/v2\/users\/47"}],"replies":[{"embeddable":true,"href":"https:\/\/www.ibew-fioe2228.ca\/fr\/wp-json\/wp\/v2\/comments?post=1915"}],"version-history":[{"count":1,"href":"https:\/\/www.ibew-fioe2228.ca\/fr\/wp-json\/wp\/v2\/posts\/1915\/revisions"}],"predecessor-version":[{"id":1916,"href":"https:\/\/www.ibew-fioe2228.ca\/fr\/wp-json\/wp\/v2\/posts\/1915\/revisions\/1916"}],"wp:attachment":[{"href":"https:\/\/www.ibew-fioe2228.ca\/fr\/wp-json\/wp\/v2\/media?parent=1915"}],"wp:term":[{"taxonomy":"category","embeddable":true,"href":"https:\/\/www.ibew-fioe2228.ca\/fr\/wp-json\/wp\/v2\/categories?post=1915"},{"taxonomy":"post_tag","embeddable":true,"href":"https:\/\/www.ibew-fioe2228.ca\/fr\/wp-json\/wp\/v2\/tags?post=1915"}],"curies":[{"name":"wp","href":"https:\/\/api.w.org\/{rel}","templated":true}]}}