{"id":2133,"date":"2025-07-17T12:57:34","date_gmt":"2025-07-17T12:57:34","guid":{"rendered":"https:\/\/www.ibew-fioe2228.ca\/?p=2133"},"modified":"2025-07-21T16:53:38","modified_gmt":"2025-07-21T16:53:38","slug":"mises-en-candidature-et-elections-des-dirigeantes-et-dirigeants-de-la-section-locale-2228","status":"publish","type":"post","link":"https:\/\/www.ibew-fioe2228.ca\/fr\/mises-en-candidature-et-elections-des-dirigeantes-et-dirigeants-de-la-section-locale-2228\/","title":{"rendered":"Mises en candidature et \u00e9lections des dirigeantes et dirigeants de la section locale 2228"},"content":{"rendered":"<p>AVIS OFFICIEL<\/p>\n<p>Suite \u00e0 l\u2019\u00e9lection r\u00e9cente des dirigeants et dirigeantes, le vice-pr\u00e9sident international Shewchuk a d\u00e9termin\u00e9 que le processus suivi n\u2019\u00e9tait pas conforme aux r\u00e8glements actuellement approuv\u00e9s. Il a \u00e9t\u00e9 d\u00e9cid\u00e9 que la totalit\u00e9 de l\u2019\u00e9lection n\u2019avait pas respect\u00e9 la Constitution de la FIOE, les statuts de la section locale 2228 et le Guide canadien des \u00e9lections dans les sections locales. Par cons\u00e9quent, les r\u00e9sultats de cette \u00e9lection ont \u00e9t\u00e9 jug\u00e9s invalides et nous devons retourner en \u00e9lection.<\/p>\n<p>Suite \u00e0 l\u2019\u00e9nonc\u00e9 ci-dessus, veuillez prendre note que les mises en candidature sont maintenant ouvertes pour les postes suivants :<\/p>\n<p>\u2022 Pr\u00e9sidence et d\u00e9l\u00e9gu\u00e9 et d\u00e9l\u00e9gu\u00e9e \u00e0 la Convention internationale<br \/>\n\u2022 Gestionnaire d\u2019affaires\/secr\u00e9tariat financier et d\u00e9l\u00e9gu\u00e9 et d\u00e9l\u00e9gu\u00e9e \u00e0 la Convention internationale<br \/>\n\u2022 Vice-pr\u00e9sidence<br \/>\n\u2022 Secr\u00e9tariat \u00e0 l\u2019enregistrement<br \/>\n\u2022 Tr\u00e9sorerie<br \/>\n\u2022 Membres du Conseil ex\u00e9cutif pour les r\u00e9gions suivantes :<br \/>\no R\u00e9gion 1 Terre-Neuve-et-Labrador, Nouveau-Brunswick, Nouvelle-\u00c9cosse et \u00cele-du-Prince-\u00c9douard<br \/>\no R\u00e9gion 2 Qu\u00e9bec et Territoire du Nunavut<br \/>\no R\u00e9gion 3 R\u00e9gion de la capitale nationale (\u00e0 l\u2019est de Trenton)<br \/>\no R\u00e9gion 4 Ontario<br \/>\no R\u00e9gion 5 Manitoba, Saskatchewan, Alberta, Territoire du Nord-Ouest et Territoire du Yukon<br \/>\no R\u00e9gion 6 Colombie-Britannique<\/p>\n<p>Pour \u00eatre \u00e9ligible, la personne doit \u00eatre membre en r\u00e8gle de la section locale depuis au moins deux ans (avant la mise en candidature). Pour \u00eatre \u00e9ligible dans l\u2019une des six r\u00e9gions, le ou la membre doit r\u00e9sider dans la r\u00e9gion de mise en candidature et doit \u00e9galement \u00eatre mis en candidature par un ou une membre en r\u00e8gle.<\/p>\n<p>Les candidatures aux postes susmentionn\u00e9s doivent parvenir au secr\u00e9taire au plus tard le 1er ao\u00fbt 2025. Elles peuvent \u00eatre envoy\u00e9es par courrier \u00e0 l\u2019adresse suivante :<\/p>\n<p>John Mahoney Secr\u00e9taire de la section locale 2228 de la FIOE<\/p>\n<p>1091, rue Wellington Ouest<br \/>\nOttawa, ON K1Y 2Y4<\/p>\n<p>Il est impossible de poser sa candidature \u00e0 plus d\u2019un poste. Toute personne nomm\u00e9e \u00e0 plus d\u2019un poste doit aviser le secr\u00e9taire du poste auquel elle accepte de se porter candidate avant le 8 ao\u00fbt 2025.<\/p>\n<p>La preuve de la volont\u00e9 du candidat ou de la candidate de se pr\u00e9senter \u00e0 l\u2019\u00e9lection doit \u00e9galement \u00eatre envoy\u00e9e au secr\u00e9taire et re\u00e7ue au plus tard le 8 ao\u00fbt 2025. Il incombe au candidat et \u00e0 la candidate (s\u2019il ou elle le souhaite) de fournir au secr\u00e9taire un r\u00e9sum\u00e9 de ses activit\u00e9s (syndicales uniquement) avant le 8 ao\u00fbt 2025. S\u2019il est re\u00e7u avant cette date, le r\u00e9sum\u00e9 sera affich\u00e9 sur le site Web de la section locale \u00e0 l\u2019intention des membres votants.<\/p>\n<p>L\u2019\u00e9lection se d\u00e9roulera par voie postale et les bulletins seront d\u00e9pouill\u00e9s \u00e0 partir du 29 septembre 2025. Tous et toutes les membres en r\u00e8gle recevront un bulletin de vote par la poste au moins 15 jours avant la date indiqu\u00e9e ci-dessus. Aucun bulletin re\u00e7u apr\u00e8s la fermeture des bureaux le 28 septembre 2025 ne sera pas pris en compte. Les membres recevront les instructions de vote par courrier \u00e0 leur derni\u00e8re adresse connue. Les votes seront ensuite certifi\u00e9s par le ou la juge des \u00e9lections nomm\u00e9 par la pr\u00e9sidence.<\/p>\n<p>Chaque candidat et candidate a droit \u00e0 un observateur ou \u00e0 une observatrice dans le bureau de vote et pendant le d\u00e9pouillement des bulletins. Les observateurs et observatrices ne peuvent pas perturber le bon d\u00e9roulement de l\u2019\u00e9lection.<\/p>\n<p>Si un second tour est n\u00e9cessaire, il est organis\u00e9 et le d\u00e9pouillement a lieu le 20 octobre 2025. Les r\u00e8gles applicables au second tour sont les m\u00eames que celles qui s\u2019appliquaient \u00e0 l\u2019\u00e9lection ordinaire.<\/p>\n<p>Toutes les dirigeantes et tous les dirigeants sont nomm\u00e9s et entament leur mandat de quatre ans lors de la premi\u00e8re r\u00e9union du Conseil ex\u00e9cutif suivant la fin de l\u2019\u00e9lection.<\/p>\n<p>Toute ou tout membre qui estime qu\u2019une contestation de l\u2019\u00e9lection est justifi\u00e9e est pri\u00e9 de contacter le ou la juge des \u00e9lections dans les jours qui suivent le d\u00e9pouillement des bulletins de vote. D\u2019autres contestations de l\u2019\u00e9lection peuvent \u00eatre d\u00e9pos\u00e9es par \u00e9crit aupr\u00e8s du vice-pr\u00e9sident international Russ Shewchuk dans les 30 jours suivant l\u2019\u00e9lection. La d\u00e9cision du vice-pr\u00e9sident international conclura le traitement d\u2019une contestation au sein de la FIOE.<\/p>\n<p>Si vous avez des questions, vous pouvez me les envoyer (par courriel) \u00e0 sec@ibew2228.ca, ou appeler le bureau au 1-800-267-4163.<br \/>\nEn toute solidarit\u00e9,<\/p>\n<p>John Mahoney Secr\u00e9taire Section locale 2228, FIOE<\/p>\n","protected":false},"excerpt":{"rendered":"<p>AVIS OFFICIEL Suite \u00e0 l\u2019\u00e9lection r\u00e9cente des dirigeants et dirigeantes,  [&#8230;]<\/p>\n","protected":false},"author":47,"featured_media":0,"comment_status":"open","ping_status":"open","sticky":false,"template":"","format":"standard","meta":{"_acf_changed":false,"footnotes":""},"categories":[2],"tags":[],"class_list":["post-2133","post","type-post","status-publish","format-standard","hentry","category-actualites"],"acf":[],"yoast_head":"<!-- This site is optimized with the Yoast SEO plugin v27.3 - https:\/\/yoast.com\/product\/yoast-seo-wordpress\/ -->\n<title>Mises en candidature et \u00e9lections des dirigeantes et dirigeants de la section locale 2228 - IBEW-FIOE 2228<\/title>\n<meta name=\"description\" content=\"AVIS OFFICIEL Suite \u00e0 l\u2019\u00e9lection r\u00e9cente des dirigeants et dirigeantes, le vice-pr\u00e9sident international Shewchuk a d\u00e9termin\u00e9 que le processus suivi\" \/>\n<meta name=\"robots\" content=\"index, follow, max-snippet:-1, max-image-preview:large, max-video-preview:-1\" \/>\n<link rel=\"canonical\" href=\"https:\/\/www.ibew-fioe2228.ca\/fr\/mises-en-candidature-et-elections-des-dirigeantes-et-dirigeants-de-la-section-locale-2228\/\" \/>\n<meta property=\"og:locale\" content=\"fr_FR\" \/>\n<meta property=\"og:type\" content=\"article\" \/>\n<meta property=\"og:title\" content=\"Mises en candidature et \u00e9lections des dirigeantes et dirigeants de la section locale 2228 - IBEW-FIOE 2228\" \/>\n<meta property=\"og:description\" content=\"AVIS OFFICIEL Suite \u00e0 l\u2019\u00e9lection r\u00e9cente des dirigeants et dirigeantes, le vice-pr\u00e9sident international Shewchuk a d\u00e9termin\u00e9 que le processus suivi\" \/>\n<meta property=\"og:url\" content=\"https:\/\/www.ibew-fioe2228.ca\/fr\/mises-en-candidature-et-elections-des-dirigeantes-et-dirigeants-de-la-section-locale-2228\/\" \/>\n<meta property=\"og:site_name\" content=\"IBEW-FIOE 2228\" \/>\n<meta property=\"article:published_time\" content=\"2025-07-17T12:57:34+00:00\" \/>\n<meta property=\"article:modified_time\" content=\"2025-07-21T16:53:38+00:00\" \/>\n<meta property=\"og:image\" content=\"https:\/\/www.ibew-fioe2228.ca\/wp-content\/uploads\/2023\/01\/logo-1.png\" \/>\n\t<meta property=\"og:image:width\" content=\"125\" \/>\n\t<meta property=\"og:image:height\" content=\"78\" \/>\n\t<meta property=\"og:image:type\" content=\"image\/png\" \/>\n<meta name=\"author\" content=\"Aryane Bertrand-Lavigne\" \/>\n<meta name=\"twitter:card\" content=\"summary_large_image\" \/>\n<meta name=\"twitter:label1\" content=\"\u00c9crit par\" \/>\n\t<meta name=\"twitter:data1\" content=\"Aryane Bertrand-Lavigne\" \/>\n\t<meta name=\"twitter:label2\" content=\"Dur\u00e9e de lecture estim\u00e9e\" \/>\n\t<meta name=\"twitter:data2\" content=\"2 minutes\" \/>\n<script type=\"application\/ld+json\" class=\"yoast-schema-graph\">{\"@context\":\"https:\\\/\\\/schema.org\",\"@graph\":[{\"@type\":\"Article\",\"@id\":\"https:\\\/\\\/www.ibew-fioe2228.ca\\\/fr\\\/mises-en-candidature-et-elections-des-dirigeantes-et-dirigeants-de-la-section-locale-2228\\\/#article\",\"isPartOf\":{\"@id\":\"https:\\\/\\\/www.ibew-fioe2228.ca\\\/fr\\\/mises-en-candidature-et-elections-des-dirigeantes-et-dirigeants-de-la-section-locale-2228\\\/\"},\"author\":{\"name\":\"Aryane Bertrand-Lavigne\",\"@id\":\"https:\\\/\\\/www.ibew-fioe2228.ca\\\/#\\\/schema\\\/person\\\/d819ef6acf02d4a87ab519fef5ffb655\"},\"headline\":\"Mises en candidature et \u00e9lections des dirigeantes et dirigeants de la section locale 2228\",\"datePublished\":\"2025-07-17T12:57:34+00:00\",\"dateModified\":\"2025-07-21T16:53:38+00:00\",\"mainEntityOfPage\":{\"@id\":\"https:\\\/\\\/www.ibew-fioe2228.ca\\\/fr\\\/mises-en-candidature-et-elections-des-dirigeantes-et-dirigeants-de-la-section-locale-2228\\\/\"},\"wordCount\":781,\"commentCount\":0,\"publisher\":{\"@id\":\"https:\\\/\\\/www.ibew-fioe2228.ca\\\/#organization\"},\"articleSection\":[\"Actualit\u00e9s\"],\"inLanguage\":\"fr-FR\",\"potentialAction\":[{\"@type\":\"CommentAction\",\"name\":\"Comment\",\"target\":[\"https:\\\/\\\/www.ibew-fioe2228.ca\\\/fr\\\/mises-en-candidature-et-elections-des-dirigeantes-et-dirigeants-de-la-section-locale-2228\\\/#respond\"]}]},{\"@type\":\"WebPage\",\"@id\":\"https:\\\/\\\/www.ibew-fioe2228.ca\\\/fr\\\/mises-en-candidature-et-elections-des-dirigeantes-et-dirigeants-de-la-section-locale-2228\\\/\",\"url\":\"https:\\\/\\\/www.ibew-fioe2228.ca\\\/fr\\\/mises-en-candidature-et-elections-des-dirigeantes-et-dirigeants-de-la-section-locale-2228\\\/\",\"name\":\"Mises en candidature et \u00e9lections des dirigeantes et dirigeants de la section locale 2228 - IBEW-FIOE 2228\",\"isPartOf\":{\"@id\":\"https:\\\/\\\/www.ibew-fioe2228.ca\\\/#website\"},\"datePublished\":\"2025-07-17T12:57:34+00:00\",\"dateModified\":\"2025-07-21T16:53:38+00:00\",\"description\":\"AVIS OFFICIEL Suite \u00e0 l\u2019\u00e9lection r\u00e9cente des dirigeants et dirigeantes, le vice-pr\u00e9sident international Shewchuk a d\u00e9termin\u00e9 que le processus suivi\",\"breadcrumb\":{\"@id\":\"https:\\\/\\\/www.ibew-fioe2228.ca\\\/fr\\\/mises-en-candidature-et-elections-des-dirigeantes-et-dirigeants-de-la-section-locale-2228\\\/#breadcrumb\"},\"inLanguage\":\"fr-FR\",\"potentialAction\":[{\"@type\":\"ReadAction\",\"target\":[\"https:\\\/\\\/www.ibew-fioe2228.ca\\\/fr\\\/mises-en-candidature-et-elections-des-dirigeantes-et-dirigeants-de-la-section-locale-2228\\\/\"]}]},{\"@type\":\"BreadcrumbList\",\"@id\":\"https:\\\/\\\/www.ibew-fioe2228.ca\\\/fr\\\/mises-en-candidature-et-elections-des-dirigeantes-et-dirigeants-de-la-section-locale-2228\\\/#breadcrumb\",\"itemListElement\":[{\"@type\":\"ListItem\",\"position\":1,\"name\":\"Home\",\"item\":\"https:\\\/\\\/www.ibew-fioe2228.ca\\\/fr\\\/\"},{\"@type\":\"ListItem\",\"position\":2,\"name\":\"Actualit\u00e9s\",\"item\":\"https:\\\/\\\/www.ibew-fioe2228.ca\\\/fr\\\/category\\\/actualites\\\/\"},{\"@type\":\"ListItem\",\"position\":3,\"name\":\"Mises en candidature et \u00e9lections des dirigeantes et dirigeants de la section locale 2228\"}]},{\"@type\":\"WebSite\",\"@id\":\"https:\\\/\\\/www.ibew-fioe2228.ca\\\/#website\",\"url\":\"https:\\\/\\\/www.ibew-fioe2228.ca\\\/\",\"name\":\"IBEW-FIOE 2228\",\"description\":\"\",\"publisher\":{\"@id\":\"https:\\\/\\\/www.ibew-fioe2228.ca\\\/#organization\"},\"potentialAction\":[{\"@type\":\"SearchAction\",\"target\":{\"@type\":\"EntryPoint\",\"urlTemplate\":\"https:\\\/\\\/www.ibew-fioe2228.ca\\\/?s={search_term_string}\"},\"query-input\":{\"@type\":\"PropertyValueSpecification\",\"valueRequired\":true,\"valueName\":\"search_term_string\"}}],\"inLanguage\":\"fr-FR\"},{\"@type\":\"Organization\",\"@id\":\"https:\\\/\\\/www.ibew-fioe2228.ca\\\/#organization\",\"name\":\"IBEW-FIOE 2228\",\"url\":\"https:\\\/\\\/www.ibew-fioe2228.ca\\\/\",\"logo\":{\"@type\":\"ImageObject\",\"inLanguage\":\"fr-FR\",\"@id\":\"https:\\\/\\\/www.ibew-fioe2228.ca\\\/#\\\/schema\\\/logo\\\/image\\\/\",\"url\":\"https:\\\/\\\/www.ibew-fioe2228.ca\\\/wp-content\\\/uploads\\\/2023\\\/01\\\/logo-1.png\",\"contentUrl\":\"https:\\\/\\\/www.ibew-fioe2228.ca\\\/wp-content\\\/uploads\\\/2023\\\/01\\\/logo-1.png\",\"width\":125,\"height\":78,\"caption\":\"IBEW-FIOE 2228\"},\"image\":{\"@id\":\"https:\\\/\\\/www.ibew-fioe2228.ca\\\/#\\\/schema\\\/logo\\\/image\\\/\"}},{\"@type\":\"Person\",\"@id\":\"https:\\\/\\\/www.ibew-fioe2228.ca\\\/#\\\/schema\\\/person\\\/d819ef6acf02d4a87ab519fef5ffb655\",\"name\":\"Aryane Bertrand-Lavigne\",\"image\":{\"@type\":\"ImageObject\",\"inLanguage\":\"fr-FR\",\"@id\":\"https:\\\/\\\/secure.gravatar.com\\\/avatar\\\/61eac0bca1bb28a758240593a0c2468cf80a99b53b01fc487f10de0c24b536fe?s=96&d=mm&r=g\",\"url\":\"https:\\\/\\\/secure.gravatar.com\\\/avatar\\\/61eac0bca1bb28a758240593a0c2468cf80a99b53b01fc487f10de0c24b536fe?s=96&d=mm&r=g\",\"contentUrl\":\"https:\\\/\\\/secure.gravatar.com\\\/avatar\\\/61eac0bca1bb28a758240593a0c2468cf80a99b53b01fc487f10de0c24b536fe?s=96&d=mm&r=g\",\"caption\":\"Aryane Bertrand-Lavigne\"},\"url\":\"https:\\\/\\\/www.ibew-fioe2228.ca\\\/fr\\\/author\\\/aryane-bertrandlavigneibew2228-ca\\\/\"}]}<\/script>\n<!-- \/ Yoast SEO plugin. -->","yoast_head_json":{"title":"Mises en candidature et \u00e9lections des dirigeantes et dirigeants de la section locale 2228 - IBEW-FIOE 2228","description":"AVIS OFFICIEL Suite \u00e0 l\u2019\u00e9lection r\u00e9cente des dirigeants et dirigeantes, le vice-pr\u00e9sident international Shewchuk a d\u00e9termin\u00e9 que le processus suivi","robots":{"index":"index","follow":"follow","max-snippet":"max-snippet:-1","max-image-preview":"max-image-preview:large","max-video-preview":"max-video-preview:-1"},"canonical":"https:\/\/www.ibew-fioe2228.ca\/fr\/mises-en-candidature-et-elections-des-dirigeantes-et-dirigeants-de-la-section-locale-2228\/","og_locale":"fr_FR","og_type":"article","og_title":"Mises en candidature et \u00e9lections des dirigeantes et dirigeants de la section locale 2228 - IBEW-FIOE 2228","og_description":"AVIS OFFICIEL Suite \u00e0 l\u2019\u00e9lection r\u00e9cente des dirigeants et dirigeantes, le vice-pr\u00e9sident international Shewchuk a d\u00e9termin\u00e9 que le processus suivi","og_url":"https:\/\/www.ibew-fioe2228.ca\/fr\/mises-en-candidature-et-elections-des-dirigeantes-et-dirigeants-de-la-section-locale-2228\/","og_site_name":"IBEW-FIOE 2228","article_published_time":"2025-07-17T12:57:34+00:00","article_modified_time":"2025-07-21T16:53:38+00:00","og_image":[{"width":125,"height":78,"url":"https:\/\/www.ibew-fioe2228.ca\/wp-content\/uploads\/2023\/01\/logo-1.png","type":"image\/png"}],"author":"Aryane Bertrand-Lavigne","twitter_card":"summary_large_image","twitter_misc":{"\u00c9crit par":"Aryane Bertrand-Lavigne","Dur\u00e9e de lecture estim\u00e9e":"2 minutes"},"schema":{"@context":"https:\/\/schema.org","@graph":[{"@type":"Article","@id":"https:\/\/www.ibew-fioe2228.ca\/fr\/mises-en-candidature-et-elections-des-dirigeantes-et-dirigeants-de-la-section-locale-2228\/#article","isPartOf":{"@id":"https:\/\/www.ibew-fioe2228.ca\/fr\/mises-en-candidature-et-elections-des-dirigeantes-et-dirigeants-de-la-section-locale-2228\/"},"author":{"name":"Aryane Bertrand-Lavigne","@id":"https:\/\/www.ibew-fioe2228.ca\/#\/schema\/person\/d819ef6acf02d4a87ab519fef5ffb655"},"headline":"Mises en candidature et \u00e9lections des dirigeantes et dirigeants de la section locale 2228","datePublished":"2025-07-17T12:57:34+00:00","dateModified":"2025-07-21T16:53:38+00:00","mainEntityOfPage":{"@id":"https:\/\/www.ibew-fioe2228.ca\/fr\/mises-en-candidature-et-elections-des-dirigeantes-et-dirigeants-de-la-section-locale-2228\/"},"wordCount":781,"commentCount":0,"publisher":{"@id":"https:\/\/www.ibew-fioe2228.ca\/#organization"},"articleSection":["Actualit\u00e9s"],"inLanguage":"fr-FR","potentialAction":[{"@type":"CommentAction","name":"Comment","target":["https:\/\/www.ibew-fioe2228.ca\/fr\/mises-en-candidature-et-elections-des-dirigeantes-et-dirigeants-de-la-section-locale-2228\/#respond"]}]},{"@type":"WebPage","@id":"https:\/\/www.ibew-fioe2228.ca\/fr\/mises-en-candidature-et-elections-des-dirigeantes-et-dirigeants-de-la-section-locale-2228\/","url":"https:\/\/www.ibew-fioe2228.ca\/fr\/mises-en-candidature-et-elections-des-dirigeantes-et-dirigeants-de-la-section-locale-2228\/","name":"Mises en candidature et \u00e9lections des dirigeantes et dirigeants de la section locale 2228 - IBEW-FIOE 2228","isPartOf":{"@id":"https:\/\/www.ibew-fioe2228.ca\/#website"},"datePublished":"2025-07-17T12:57:34+00:00","dateModified":"2025-07-21T16:53:38+00:00","description":"AVIS OFFICIEL Suite \u00e0 l\u2019\u00e9lection r\u00e9cente des dirigeants et dirigeantes, le vice-pr\u00e9sident international Shewchuk a d\u00e9termin\u00e9 que le processus suivi","breadcrumb":{"@id":"https:\/\/www.ibew-fioe2228.ca\/fr\/mises-en-candidature-et-elections-des-dirigeantes-et-dirigeants-de-la-section-locale-2228\/#breadcrumb"},"inLanguage":"fr-FR","potentialAction":[{"@type":"ReadAction","target":["https:\/\/www.ibew-fioe2228.ca\/fr\/mises-en-candidature-et-elections-des-dirigeantes-et-dirigeants-de-la-section-locale-2228\/"]}]},{"@type":"BreadcrumbList","@id":"https:\/\/www.ibew-fioe2228.ca\/fr\/mises-en-candidature-et-elections-des-dirigeantes-et-dirigeants-de-la-section-locale-2228\/#breadcrumb","itemListElement":[{"@type":"ListItem","position":1,"name":"Home","item":"https:\/\/www.ibew-fioe2228.ca\/fr\/"},{"@type":"ListItem","position":2,"name":"Actualit\u00e9s","item":"https:\/\/www.ibew-fioe2228.ca\/fr\/category\/actualites\/"},{"@type":"ListItem","position":3,"name":"Mises en candidature et \u00e9lections des dirigeantes et dirigeants de la section locale 2228"}]},{"@type":"WebSite","@id":"https:\/\/www.ibew-fioe2228.ca\/#website","url":"https:\/\/www.ibew-fioe2228.ca\/","name":"IBEW-FIOE 2228","description":"","publisher":{"@id":"https:\/\/www.ibew-fioe2228.ca\/#organization"},"potentialAction":[{"@type":"SearchAction","target":{"@type":"EntryPoint","urlTemplate":"https:\/\/www.ibew-fioe2228.ca\/?s={search_term_string}"},"query-input":{"@type":"PropertyValueSpecification","valueRequired":true,"valueName":"search_term_string"}}],"inLanguage":"fr-FR"},{"@type":"Organization","@id":"https:\/\/www.ibew-fioe2228.ca\/#organization","name":"IBEW-FIOE 2228","url":"https:\/\/www.ibew-fioe2228.ca\/","logo":{"@type":"ImageObject","inLanguage":"fr-FR","@id":"https:\/\/www.ibew-fioe2228.ca\/#\/schema\/logo\/image\/","url":"https:\/\/www.ibew-fioe2228.ca\/wp-content\/uploads\/2023\/01\/logo-1.png","contentUrl":"https:\/\/www.ibew-fioe2228.ca\/wp-content\/uploads\/2023\/01\/logo-1.png","width":125,"height":78,"caption":"IBEW-FIOE 2228"},"image":{"@id":"https:\/\/www.ibew-fioe2228.ca\/#\/schema\/logo\/image\/"}},{"@type":"Person","@id":"https:\/\/www.ibew-fioe2228.ca\/#\/schema\/person\/d819ef6acf02d4a87ab519fef5ffb655","name":"Aryane Bertrand-Lavigne","image":{"@type":"ImageObject","inLanguage":"fr-FR","@id":"https:\/\/secure.gravatar.com\/avatar\/61eac0bca1bb28a758240593a0c2468cf80a99b53b01fc487f10de0c24b536fe?s=96&d=mm&r=g","url":"https:\/\/secure.gravatar.com\/avatar\/61eac0bca1bb28a758240593a0c2468cf80a99b53b01fc487f10de0c24b536fe?s=96&d=mm&r=g","contentUrl":"https:\/\/secure.gravatar.com\/avatar\/61eac0bca1bb28a758240593a0c2468cf80a99b53b01fc487f10de0c24b536fe?s=96&d=mm&r=g","caption":"Aryane Bertrand-Lavigne"},"url":"https:\/\/www.ibew-fioe2228.ca\/fr\/author\/aryane-bertrandlavigneibew2228-ca\/"}]}},"_links":{"self":[{"href":"https:\/\/www.ibew-fioe2228.ca\/fr\/wp-json\/wp\/v2\/posts\/2133","targetHints":{"allow":["GET"]}}],"collection":[{"href":"https:\/\/www.ibew-fioe2228.ca\/fr\/wp-json\/wp\/v2\/posts"}],"about":[{"href":"https:\/\/www.ibew-fioe2228.ca\/fr\/wp-json\/wp\/v2\/types\/post"}],"author":[{"embeddable":true,"href":"https:\/\/www.ibew-fioe2228.ca\/fr\/wp-json\/wp\/v2\/users\/47"}],"replies":[{"embeddable":true,"href":"https:\/\/www.ibew-fioe2228.ca\/fr\/wp-json\/wp\/v2\/comments?post=2133"}],"version-history":[{"count":2,"href":"https:\/\/www.ibew-fioe2228.ca\/fr\/wp-json\/wp\/v2\/posts\/2133\/revisions"}],"predecessor-version":[{"id":2138,"href":"https:\/\/www.ibew-fioe2228.ca\/fr\/wp-json\/wp\/v2\/posts\/2133\/revisions\/2138"}],"wp:attachment":[{"href":"https:\/\/www.ibew-fioe2228.ca\/fr\/wp-json\/wp\/v2\/media?parent=2133"}],"wp:term":[{"taxonomy":"category","embeddable":true,"href":"https:\/\/www.ibew-fioe2228.ca\/fr\/wp-json\/wp\/v2\/categories?post=2133"},{"taxonomy":"post_tag","embeddable":true,"href":"https:\/\/www.ibew-fioe2228.ca\/fr\/wp-json\/wp\/v2\/tags?post=2133"}],"curies":[{"name":"wp","href":"https:\/\/api.w.org\/{rel}","templated":true}]}}