{"id":2168,"date":"2025-08-18T18:50:32","date_gmt":"2025-08-18T18:50:32","guid":{"rendered":"https:\/\/www.ibew-fioe2228.ca\/?p=2168"},"modified":"2025-08-20T13:33:12","modified_gmt":"2025-08-20T13:33:12","slug":"election-des-officiers-2025-mise-a-jour","status":"publish","type":"post","link":"https:\/\/www.ibew-fioe2228.ca\/fr\/election-des-officiers-2025-mise-a-jour\/","title":{"rendered":"\u00c9lection des officiers 2025 &#8211; Mise \u00e0 jour"},"content":{"rendered":"<p id=\"tw-target-text\" class=\"tw-data-text tw-text-large tw-ta\" dir=\"ltr\" data-placeholder=\"Translation\" data-ved=\"2ahUKEwiymeXug5WPAxU2kIkEHV72MaYQ3ewLegQICRAU\" aria-label=\"Translated text: La p\u00e9riode de mise en candidature pour l'\u00e9lection des dirigeants de la section locale 2228 est maintenant close. Les candidats propos\u00e9s sont les suivants\u00a0:\"><span class=\"Y2IQFc\" lang=\"fr\">La p\u00e9riode de mise en candidature pour l&rsquo;\u00e9lection des dirigeants de la section locale 2228 est maintenant fermer.<br \/>\nLes candidats propos\u00e9s sont les suivants\u00a0:<\/span><\/p>\n<p>&nbsp;<\/p>\n<p><strong>G\u00e9rant d\u2019affaires et secr\u00e9taire financier\/D\u00e9l\u00e9gu\u00e9 au Congr\u00e8s international\u00a0<\/strong>: \u00a0<a href=\"https:\/\/www.ibew-fioe2228.ca\/wp-content\/uploads\/2025\/08\/Tristan-Smith-Union-Activities-Summary.pdf\">Tristan Smith,<\/a> <a href=\"https:\/\/www.ibew-fioe2228.ca\/wp-content\/uploads\/2025\/08\/Jeff-Wendt-FR.pdf\">Jeffrey Wendt<\/a><\/p>\n<p>&nbsp;<\/p>\n<p><strong>Pr\u00e9sident\/D\u00e9l\u00e9gu\u00e9 au Congr\u00e8s international<\/strong>:\u00a0 Mohammed Osman<\/p>\n<p>&nbsp;<\/p>\n<p><strong>Vice-Pr\u00e9sident<\/strong>: Kathryn Van Ameyde<\/p>\n<p>&nbsp;<\/p>\n<p><strong>Tr\u00e9sorier\u00a0<\/strong>: <a href=\"https:\/\/www.ibew-fioe2228.ca\/wp-content\/uploads\/2025\/05\/Jonathan-Alison-IBEW-2228-Treasurer-EN.pdf\">Jonathon Alison<\/a>, <a href=\"https:\/\/www.ibew-fioe2228.ca\/wp-content\/uploads\/2025\/08\/ryan-saw-resume-redo.pdf\">Ryan Saw<\/a><\/p>\n<p>&nbsp;<\/p>\n<p><strong>Recording Secretary<\/strong>: Fraser Young<\/p>\n<p>&nbsp;<\/p>\n<p><strong>Membre du Conseil ex\u00e9cutif \u2013 R\u00e9gion 1<\/strong>: Paul MacDonald<\/p>\n<p>&nbsp;<\/p>\n<p><strong>Membre du Conseil ex\u00e9cutif \u2013 R\u00e9gion 2<\/strong>: No (eligible) Nominations<\/p>\n<p>&nbsp;<\/p>\n<p><strong>Membre du Conseil ex\u00e9cutif \u2013 R\u00e9gion 3<\/strong>: <a href=\"https:\/\/www.ibew-fioe2228.ca\/wp-content\/uploads\/2025\/08\/Francis-Gravel-FRENG.odt\">Francis Gravel<\/a>, <a href=\"https:\/\/www.ibew-fioe2228.ca\/wp-content\/uploads\/2025\/08\/Joel-Gopaul.pdf\">Joel Go Pau<\/a>l, <a href=\"https:\/\/www.ibew-fioe2228.ca\/wp-content\/uploads\/2025\/08\/Lindsay-Hall-ENG.pdf\">Lindsay Hall<\/a><\/p>\n<p>&nbsp;<\/p>\n<p><strong>Membre du Conseil ex\u00e9cutif \u2013 R\u00e9gion 4<\/strong>: George Mishriky<\/p>\n<p>&nbsp;<\/p>\n<p><strong>Membre du Conseil ex\u00e9cutif \u2013 R\u00e9gion 5<\/strong>: Mitchell Vaters<\/p>\n<p>&nbsp;<\/p>\n<p><strong>Membre du Conseil ex\u00e9cutif \u2013 R\u00e9gion 6<\/strong>:<a href=\"https:\/\/www.ibew-fioe2228.ca\/wp-content\/uploads\/2025\/08\/IBEW-2228-Region-6-Mike-Matic-Resume.docx\"> Mike Matic,<\/a> <a href=\"https:\/\/www.ibew-fioe2228.ca\/wp-content\/uploads\/2025\/08\/Region-6-Executive-Board-Ryan-Sistili-Union-Activities-Resume.docx\">Ryan Sistili<\/a>, <a href=\"https:\/\/www.ibew-fioe2228.ca\/wp-content\/uploads\/2025\/05\/Ryan-Dela-Cruz-EN.pdf\">Ryan Dela Cruz<\/a><\/p>\n<p>&nbsp;<\/p>\n<p id=\"tw-target-text\" class=\"tw-data-text tw-text-large tw-ta\" dir=\"ltr\" data-placeholder=\"Translation\" data-ved=\"2ahUKEwiymeXug5WPAxU2kIkEHV72MaYQ3ewLegQICRAU\" aria-label=\"Translated text: Les bulletins de vote seront d\u00e9sormais pr\u00e9par\u00e9s et envoy\u00e9s par la poste aux membres. Le d\u00e9pouillement aura lieu le 29 septembre. Les bulletins d\u00fbment remplis doivent \u00eatre envoy\u00e9s par la poste\u00a0; tout bulletin re\u00e7u apr\u00e8s la fermeture des bureaux le 28 septembre 2025 ne sera pas comptabilis\u00e9. Les candidats ayant soumis leur CV peuvent y acc\u00e9der en cliquant sur leur nom ci-dessus.\"><span class=\"Y2IQFc\" lang=\"fr\">Les bulletins de vote seront d\u00e9sormais pr\u00e9par\u00e9s et envoy\u00e9s par la poste aux membres. Le d\u00e9pouillement aura lieu le 29 septembre. Les bulletins d\u00fbment remplis doivent \u00eatre envoy\u00e9s par la poste\u00a0; tout bulletin re\u00e7u apr\u00e8s la fermeture des bureaux le 28 septembre 2025 ne sera pas comptabilis\u00e9. <\/span><\/p>\n<p class=\"tw-data-text tw-text-large tw-ta\" dir=\"ltr\" data-placeholder=\"Translation\" data-ved=\"2ahUKEwiymeXug5WPAxU2kIkEHV72MaYQ3ewLegQICRAU\" aria-label=\"Translated text: Les bulletins de vote seront d\u00e9sormais pr\u00e9par\u00e9s et envoy\u00e9s par la poste aux membres. Le d\u00e9pouillement aura lieu le 29 septembre. Les bulletins d\u00fbment remplis doivent \u00eatre envoy\u00e9s par la poste\u00a0; tout bulletin re\u00e7u apr\u00e8s la fermeture des bureaux le 28 septembre 2025 ne sera pas comptabilis\u00e9. Les candidats ayant soumis leur CV peuvent y acc\u00e9der en cliquant sur leur nom ci-dessus.\"><span class=\"Y2IQFc\" lang=\"fr\">Les candidats ayant soumis leur CV peuvent y acc\u00e9der en cliquant sur leur nom ci-dessus.<\/span><\/p>\n<p>En toute solidarit\u00e9,<\/p>\n<p>John Mahoney<\/p>\n","protected":false},"excerpt":{"rendered":"<p>La p\u00e9riode de mise en candidature pour l&rsquo;\u00e9lection des dirigeants  [&#8230;]<\/p>\n","protected":false},"author":47,"featured_media":0,"comment_status":"open","ping_status":"open","sticky":false,"template":"","format":"standard","meta":{"_acf_changed":false,"footnotes":""},"categories":[2],"tags":[],"class_list":["post-2168","post","type-post","status-publish","format-standard","hentry","category-actualites"],"acf":[],"yoast_head":"<!-- This site is optimized with the Yoast SEO plugin v27.3 - https:\/\/yoast.com\/product\/yoast-seo-wordpress\/ -->\n<title>\u00c9lection des officiers 2025 - Mise \u00e0 jour - IBEW-FIOE 2228<\/title>\n<meta name=\"description\" content=\"La p\u00e9riode de mise en candidature pour l&#039;\u00e9lection des dirigeants de la section locale 2228 est maintenant fermer. Les candidats propos\u00e9s sont les\" \/>\n<meta name=\"robots\" content=\"index, follow, max-snippet:-1, max-image-preview:large, max-video-preview:-1\" \/>\n<link rel=\"canonical\" href=\"https:\/\/www.ibew-fioe2228.ca\/fr\/election-des-officiers-2025-mise-a-jour\/\" \/>\n<meta property=\"og:locale\" content=\"fr_FR\" \/>\n<meta property=\"og:type\" content=\"article\" \/>\n<meta property=\"og:title\" content=\"\u00c9lection des officiers 2025 - Mise \u00e0 jour - IBEW-FIOE 2228\" \/>\n<meta property=\"og:description\" content=\"La p\u00e9riode de mise en candidature pour l&#039;\u00e9lection des dirigeants de la section locale 2228 est maintenant fermer. Les candidats propos\u00e9s sont les\" \/>\n<meta property=\"og:url\" content=\"https:\/\/www.ibew-fioe2228.ca\/fr\/election-des-officiers-2025-mise-a-jour\/\" \/>\n<meta property=\"og:site_name\" content=\"IBEW-FIOE 2228\" \/>\n<meta property=\"article:published_time\" content=\"2025-08-18T18:50:32+00:00\" \/>\n<meta property=\"article:modified_time\" content=\"2025-08-20T13:33:12+00:00\" \/>\n<meta property=\"og:image\" content=\"https:\/\/www.ibew-fioe2228.ca\/wp-content\/uploads\/2023\/01\/logo-1.png\" \/>\n\t<meta property=\"og:image:width\" content=\"125\" \/>\n\t<meta property=\"og:image:height\" content=\"78\" \/>\n\t<meta property=\"og:image:type\" content=\"image\/png\" \/>\n<meta name=\"author\" content=\"Aryane Bertrand-Lavigne\" \/>\n<meta name=\"twitter:card\" content=\"summary_large_image\" \/>\n<meta name=\"twitter:label1\" content=\"\u00c9crit par\" \/>\n\t<meta name=\"twitter:data1\" content=\"Aryane Bertrand-Lavigne\" \/>\n\t<meta name=\"twitter:label2\" content=\"Dur\u00e9e de lecture estim\u00e9e\" \/>\n\t<meta name=\"twitter:data2\" content=\"1 minute\" \/>\n<script type=\"application\/ld+json\" class=\"yoast-schema-graph\">{\"@context\":\"https:\\\/\\\/schema.org\",\"@graph\":[{\"@type\":\"Article\",\"@id\":\"https:\\\/\\\/www.ibew-fioe2228.ca\\\/fr\\\/election-des-officiers-2025-mise-a-jour\\\/#article\",\"isPartOf\":{\"@id\":\"https:\\\/\\\/www.ibew-fioe2228.ca\\\/fr\\\/election-des-officiers-2025-mise-a-jour\\\/\"},\"author\":{\"name\":\"Aryane Bertrand-Lavigne\",\"@id\":\"https:\\\/\\\/www.ibew-fioe2228.ca\\\/#\\\/schema\\\/person\\\/d819ef6acf02d4a87ab519fef5ffb655\"},\"headline\":\"\u00c9lection des officiers 2025 &#8211; Mise \u00e0 jour\",\"datePublished\":\"2025-08-18T18:50:32+00:00\",\"dateModified\":\"2025-08-20T13:33:12+00:00\",\"mainEntityOfPage\":{\"@id\":\"https:\\\/\\\/www.ibew-fioe2228.ca\\\/fr\\\/election-des-officiers-2025-mise-a-jour\\\/\"},\"wordCount\":228,\"commentCount\":0,\"publisher\":{\"@id\":\"https:\\\/\\\/www.ibew-fioe2228.ca\\\/#organization\"},\"articleSection\":[\"Actualit\u00e9s\"],\"inLanguage\":\"fr-FR\",\"potentialAction\":[{\"@type\":\"CommentAction\",\"name\":\"Comment\",\"target\":[\"https:\\\/\\\/www.ibew-fioe2228.ca\\\/fr\\\/election-des-officiers-2025-mise-a-jour\\\/#respond\"]}]},{\"@type\":\"WebPage\",\"@id\":\"https:\\\/\\\/www.ibew-fioe2228.ca\\\/fr\\\/election-des-officiers-2025-mise-a-jour\\\/\",\"url\":\"https:\\\/\\\/www.ibew-fioe2228.ca\\\/fr\\\/election-des-officiers-2025-mise-a-jour\\\/\",\"name\":\"\u00c9lection des officiers 2025 - Mise \u00e0 jour - IBEW-FIOE 2228\",\"isPartOf\":{\"@id\":\"https:\\\/\\\/www.ibew-fioe2228.ca\\\/#website\"},\"datePublished\":\"2025-08-18T18:50:32+00:00\",\"dateModified\":\"2025-08-20T13:33:12+00:00\",\"description\":\"La p\u00e9riode de mise en candidature pour l'\u00e9lection des dirigeants de la section locale 2228 est maintenant fermer. Les candidats propos\u00e9s sont les\",\"breadcrumb\":{\"@id\":\"https:\\\/\\\/www.ibew-fioe2228.ca\\\/fr\\\/election-des-officiers-2025-mise-a-jour\\\/#breadcrumb\"},\"inLanguage\":\"fr-FR\",\"potentialAction\":[{\"@type\":\"ReadAction\",\"target\":[\"https:\\\/\\\/www.ibew-fioe2228.ca\\\/fr\\\/election-des-officiers-2025-mise-a-jour\\\/\"]}]},{\"@type\":\"BreadcrumbList\",\"@id\":\"https:\\\/\\\/www.ibew-fioe2228.ca\\\/fr\\\/election-des-officiers-2025-mise-a-jour\\\/#breadcrumb\",\"itemListElement\":[{\"@type\":\"ListItem\",\"position\":1,\"name\":\"Home\",\"item\":\"https:\\\/\\\/www.ibew-fioe2228.ca\\\/fr\\\/\"},{\"@type\":\"ListItem\",\"position\":2,\"name\":\"Actualit\u00e9s\",\"item\":\"https:\\\/\\\/www.ibew-fioe2228.ca\\\/fr\\\/category\\\/actualites\\\/\"},{\"@type\":\"ListItem\",\"position\":3,\"name\":\"\u00c9lection des officiers 2025 &#8211; Mise \u00e0 jour\"}]},{\"@type\":\"WebSite\",\"@id\":\"https:\\\/\\\/www.ibew-fioe2228.ca\\\/#website\",\"url\":\"https:\\\/\\\/www.ibew-fioe2228.ca\\\/\",\"name\":\"IBEW-FIOE 2228\",\"description\":\"\",\"publisher\":{\"@id\":\"https:\\\/\\\/www.ibew-fioe2228.ca\\\/#organization\"},\"potentialAction\":[{\"@type\":\"SearchAction\",\"target\":{\"@type\":\"EntryPoint\",\"urlTemplate\":\"https:\\\/\\\/www.ibew-fioe2228.ca\\\/?s={search_term_string}\"},\"query-input\":{\"@type\":\"PropertyValueSpecification\",\"valueRequired\":true,\"valueName\":\"search_term_string\"}}],\"inLanguage\":\"fr-FR\"},{\"@type\":\"Organization\",\"@id\":\"https:\\\/\\\/www.ibew-fioe2228.ca\\\/#organization\",\"name\":\"IBEW-FIOE 2228\",\"url\":\"https:\\\/\\\/www.ibew-fioe2228.ca\\\/\",\"logo\":{\"@type\":\"ImageObject\",\"inLanguage\":\"fr-FR\",\"@id\":\"https:\\\/\\\/www.ibew-fioe2228.ca\\\/#\\\/schema\\\/logo\\\/image\\\/\",\"url\":\"https:\\\/\\\/www.ibew-fioe2228.ca\\\/wp-content\\\/uploads\\\/2023\\\/01\\\/logo-1.png\",\"contentUrl\":\"https:\\\/\\\/www.ibew-fioe2228.ca\\\/wp-content\\\/uploads\\\/2023\\\/01\\\/logo-1.png\",\"width\":125,\"height\":78,\"caption\":\"IBEW-FIOE 2228\"},\"image\":{\"@id\":\"https:\\\/\\\/www.ibew-fioe2228.ca\\\/#\\\/schema\\\/logo\\\/image\\\/\"}},{\"@type\":\"Person\",\"@id\":\"https:\\\/\\\/www.ibew-fioe2228.ca\\\/#\\\/schema\\\/person\\\/d819ef6acf02d4a87ab519fef5ffb655\",\"name\":\"Aryane Bertrand-Lavigne\",\"image\":{\"@type\":\"ImageObject\",\"inLanguage\":\"fr-FR\",\"@id\":\"https:\\\/\\\/secure.gravatar.com\\\/avatar\\\/61eac0bca1bb28a758240593a0c2468cf80a99b53b01fc487f10de0c24b536fe?s=96&d=mm&r=g\",\"url\":\"https:\\\/\\\/secure.gravatar.com\\\/avatar\\\/61eac0bca1bb28a758240593a0c2468cf80a99b53b01fc487f10de0c24b536fe?s=96&d=mm&r=g\",\"contentUrl\":\"https:\\\/\\\/secure.gravatar.com\\\/avatar\\\/61eac0bca1bb28a758240593a0c2468cf80a99b53b01fc487f10de0c24b536fe?s=96&d=mm&r=g\",\"caption\":\"Aryane Bertrand-Lavigne\"},\"url\":\"https:\\\/\\\/www.ibew-fioe2228.ca\\\/fr\\\/author\\\/aryane-bertrandlavigneibew2228-ca\\\/\"}]}<\/script>\n<!-- \/ Yoast SEO plugin. -->","yoast_head_json":{"title":"\u00c9lection des officiers 2025 - Mise \u00e0 jour - IBEW-FIOE 2228","description":"La p\u00e9riode de mise en candidature pour l'\u00e9lection des dirigeants de la section locale 2228 est maintenant fermer. Les candidats propos\u00e9s sont les","robots":{"index":"index","follow":"follow","max-snippet":"max-snippet:-1","max-image-preview":"max-image-preview:large","max-video-preview":"max-video-preview:-1"},"canonical":"https:\/\/www.ibew-fioe2228.ca\/fr\/election-des-officiers-2025-mise-a-jour\/","og_locale":"fr_FR","og_type":"article","og_title":"\u00c9lection des officiers 2025 - Mise \u00e0 jour - IBEW-FIOE 2228","og_description":"La p\u00e9riode de mise en candidature pour l'\u00e9lection des dirigeants de la section locale 2228 est maintenant fermer. Les candidats propos\u00e9s sont les","og_url":"https:\/\/www.ibew-fioe2228.ca\/fr\/election-des-officiers-2025-mise-a-jour\/","og_site_name":"IBEW-FIOE 2228","article_published_time":"2025-08-18T18:50:32+00:00","article_modified_time":"2025-08-20T13:33:12+00:00","og_image":[{"width":125,"height":78,"url":"https:\/\/www.ibew-fioe2228.ca\/wp-content\/uploads\/2023\/01\/logo-1.png","type":"image\/png"}],"author":"Aryane Bertrand-Lavigne","twitter_card":"summary_large_image","twitter_misc":{"\u00c9crit par":"Aryane Bertrand-Lavigne","Dur\u00e9e de lecture estim\u00e9e":"1 minute"},"schema":{"@context":"https:\/\/schema.org","@graph":[{"@type":"Article","@id":"https:\/\/www.ibew-fioe2228.ca\/fr\/election-des-officiers-2025-mise-a-jour\/#article","isPartOf":{"@id":"https:\/\/www.ibew-fioe2228.ca\/fr\/election-des-officiers-2025-mise-a-jour\/"},"author":{"name":"Aryane Bertrand-Lavigne","@id":"https:\/\/www.ibew-fioe2228.ca\/#\/schema\/person\/d819ef6acf02d4a87ab519fef5ffb655"},"headline":"\u00c9lection des officiers 2025 &#8211; Mise \u00e0 jour","datePublished":"2025-08-18T18:50:32+00:00","dateModified":"2025-08-20T13:33:12+00:00","mainEntityOfPage":{"@id":"https:\/\/www.ibew-fioe2228.ca\/fr\/election-des-officiers-2025-mise-a-jour\/"},"wordCount":228,"commentCount":0,"publisher":{"@id":"https:\/\/www.ibew-fioe2228.ca\/#organization"},"articleSection":["Actualit\u00e9s"],"inLanguage":"fr-FR","potentialAction":[{"@type":"CommentAction","name":"Comment","target":["https:\/\/www.ibew-fioe2228.ca\/fr\/election-des-officiers-2025-mise-a-jour\/#respond"]}]},{"@type":"WebPage","@id":"https:\/\/www.ibew-fioe2228.ca\/fr\/election-des-officiers-2025-mise-a-jour\/","url":"https:\/\/www.ibew-fioe2228.ca\/fr\/election-des-officiers-2025-mise-a-jour\/","name":"\u00c9lection des officiers 2025 - Mise \u00e0 jour - IBEW-FIOE 2228","isPartOf":{"@id":"https:\/\/www.ibew-fioe2228.ca\/#website"},"datePublished":"2025-08-18T18:50:32+00:00","dateModified":"2025-08-20T13:33:12+00:00","description":"La p\u00e9riode de mise en candidature pour l'\u00e9lection des dirigeants de la section locale 2228 est maintenant fermer. Les candidats propos\u00e9s sont les","breadcrumb":{"@id":"https:\/\/www.ibew-fioe2228.ca\/fr\/election-des-officiers-2025-mise-a-jour\/#breadcrumb"},"inLanguage":"fr-FR","potentialAction":[{"@type":"ReadAction","target":["https:\/\/www.ibew-fioe2228.ca\/fr\/election-des-officiers-2025-mise-a-jour\/"]}]},{"@type":"BreadcrumbList","@id":"https:\/\/www.ibew-fioe2228.ca\/fr\/election-des-officiers-2025-mise-a-jour\/#breadcrumb","itemListElement":[{"@type":"ListItem","position":1,"name":"Home","item":"https:\/\/www.ibew-fioe2228.ca\/fr\/"},{"@type":"ListItem","position":2,"name":"Actualit\u00e9s","item":"https:\/\/www.ibew-fioe2228.ca\/fr\/category\/actualites\/"},{"@type":"ListItem","position":3,"name":"\u00c9lection des officiers 2025 &#8211; Mise \u00e0 jour"}]},{"@type":"WebSite","@id":"https:\/\/www.ibew-fioe2228.ca\/#website","url":"https:\/\/www.ibew-fioe2228.ca\/","name":"IBEW-FIOE 2228","description":"","publisher":{"@id":"https:\/\/www.ibew-fioe2228.ca\/#organization"},"potentialAction":[{"@type":"SearchAction","target":{"@type":"EntryPoint","urlTemplate":"https:\/\/www.ibew-fioe2228.ca\/?s={search_term_string}"},"query-input":{"@type":"PropertyValueSpecification","valueRequired":true,"valueName":"search_term_string"}}],"inLanguage":"fr-FR"},{"@type":"Organization","@id":"https:\/\/www.ibew-fioe2228.ca\/#organization","name":"IBEW-FIOE 2228","url":"https:\/\/www.ibew-fioe2228.ca\/","logo":{"@type":"ImageObject","inLanguage":"fr-FR","@id":"https:\/\/www.ibew-fioe2228.ca\/#\/schema\/logo\/image\/","url":"https:\/\/www.ibew-fioe2228.ca\/wp-content\/uploads\/2023\/01\/logo-1.png","contentUrl":"https:\/\/www.ibew-fioe2228.ca\/wp-content\/uploads\/2023\/01\/logo-1.png","width":125,"height":78,"caption":"IBEW-FIOE 2228"},"image":{"@id":"https:\/\/www.ibew-fioe2228.ca\/#\/schema\/logo\/image\/"}},{"@type":"Person","@id":"https:\/\/www.ibew-fioe2228.ca\/#\/schema\/person\/d819ef6acf02d4a87ab519fef5ffb655","name":"Aryane Bertrand-Lavigne","image":{"@type":"ImageObject","inLanguage":"fr-FR","@id":"https:\/\/secure.gravatar.com\/avatar\/61eac0bca1bb28a758240593a0c2468cf80a99b53b01fc487f10de0c24b536fe?s=96&d=mm&r=g","url":"https:\/\/secure.gravatar.com\/avatar\/61eac0bca1bb28a758240593a0c2468cf80a99b53b01fc487f10de0c24b536fe?s=96&d=mm&r=g","contentUrl":"https:\/\/secure.gravatar.com\/avatar\/61eac0bca1bb28a758240593a0c2468cf80a99b53b01fc487f10de0c24b536fe?s=96&d=mm&r=g","caption":"Aryane Bertrand-Lavigne"},"url":"https:\/\/www.ibew-fioe2228.ca\/fr\/author\/aryane-bertrandlavigneibew2228-ca\/"}]}},"_links":{"self":[{"href":"https:\/\/www.ibew-fioe2228.ca\/fr\/wp-json\/wp\/v2\/posts\/2168","targetHints":{"allow":["GET"]}}],"collection":[{"href":"https:\/\/www.ibew-fioe2228.ca\/fr\/wp-json\/wp\/v2\/posts"}],"about":[{"href":"https:\/\/www.ibew-fioe2228.ca\/fr\/wp-json\/wp\/v2\/types\/post"}],"author":[{"embeddable":true,"href":"https:\/\/www.ibew-fioe2228.ca\/fr\/wp-json\/wp\/v2\/users\/47"}],"replies":[{"embeddable":true,"href":"https:\/\/www.ibew-fioe2228.ca\/fr\/wp-json\/wp\/v2\/comments?post=2168"}],"version-history":[{"count":2,"href":"https:\/\/www.ibew-fioe2228.ca\/fr\/wp-json\/wp\/v2\/posts\/2168\/revisions"}],"predecessor-version":[{"id":2180,"href":"https:\/\/www.ibew-fioe2228.ca\/fr\/wp-json\/wp\/v2\/posts\/2168\/revisions\/2180"}],"wp:attachment":[{"href":"https:\/\/www.ibew-fioe2228.ca\/fr\/wp-json\/wp\/v2\/media?parent=2168"}],"wp:term":[{"taxonomy":"category","embeddable":true,"href":"https:\/\/www.ibew-fioe2228.ca\/fr\/wp-json\/wp\/v2\/categories?post=2168"},{"taxonomy":"post_tag","embeddable":true,"href":"https:\/\/www.ibew-fioe2228.ca\/fr\/wp-json\/wp\/v2\/tags?post=2168"}],"curies":[{"name":"wp","href":"https:\/\/api.w.org\/{rel}","templated":true}]}}