{"id":2565,"date":"2026-03-03T14:36:43","date_gmt":"2026-03-03T14:36:43","guid":{"rendered":"https:\/\/www.ibew-fioe2228.ca\/?p=2565"},"modified":"2026-03-04T19:49:34","modified_gmt":"2026-03-04T19:49:34","slug":"appel-a-candidatures-pour-les-delegues-et-deleguees-congres-international-2026-de-la-fioe","status":"publish","type":"post","link":"https:\/\/www.ibew-fioe2228.ca\/fr\/appel-a-candidatures-pour-les-delegues-et-deleguees-congres-international-2026-de-la-fioe\/","title":{"rendered":"Appel \u00e0 candidatures pour les d\u00e9l\u00e9gu\u00e9s et d\u00e9l\u00e9gu\u00e9es \u2013 Congr\u00e8s international 2026 de la FIOE"},"content":{"rendered":"<p>Ch\u00e8res et chers membres,<\/p>\n<p><strong>\u00a0<\/strong>La section locale\u00a02228 accepte d\u00e9sormais les candidatures pour les d\u00e9l\u00e9gu\u00e9s et les d\u00e9l\u00e9gu\u00e9es qui repr\u00e9senteront notre syndicat au <strong>Congr\u00e8s international de la FIOE<\/strong>, qui se tiendra \u00e0 <strong>San Diego, en Californie, aux \u00c9tats-Unis, du 21 au 25\u00a0septembre 2026<\/strong>.<\/p>\n<p><strong>\u00a0<\/strong>Il s\u2019agit d\u2019une occasion unique de contribuer \u00e0 fa\u00e7onner l\u2019avenir de notre syndicat lors du Congr\u00e8s international. Les d\u00e9l\u00e9gu\u00e9s et d\u00e9l\u00e9gu\u00e9es jouent un r\u00f4le essentiel dans la repr\u00e9sentation des int\u00e9r\u00eats de notre section locale, le vote des amendements constitutionnels et l\u2019\u00e9lection des dirigeantes et des dirigeants internationaux.<\/p>\n<p><strong>\u00a0<\/strong><strong>Date limite de d\u00e9p\u00f4t des candidatures\u00a0: 15\u00a0avril 2026<\/strong><\/p>\n<p><strong>\u00a0<\/strong>Pour soumettre une candidature:<\/p>\n<ol>\n<li><strong>Connectez-vous au portail s\u00e9curis\u00e9 des membres.<\/strong><\/li>\n<li>Acc\u00e9dez \u00e0 la section \u00ab\u00a0<strong>Communication interne\u00a0<\/strong>\u00bb ou \u00ab\u00a0<strong>Internal Communication<\/strong>\u00a0\u00bb.<\/li>\n<li>Remplissez le formulaire de candidature et envoyez par courrier une <strong>d\u00e9claration d\u2019acceptation sign\u00e9e <\/strong>par le candidat ou la candidate (requise avant <strong>le 7\u00a0mai 2026<\/strong>).<\/li>\n<\/ol>\n<p>&nbsp;<\/p>\n<p class=\"font-claude-response-body break-words whitespace-normal leading-[1.7]\">Envoyez vos mises en candidature par courrier \u00e0 :<\/p>\n<p class=\"font-claude-response-body break-words whitespace-pre-wrap leading-[1.7]\">Fraternit\u00e9 internationale des ouvriers en \u00e9lectricit\u00e9, section locale 2228<\/p>\n<p class=\"font-claude-response-body break-words whitespace-pre-wrap leading-[1.7]\">1091, rue Wellington Ouest<\/p>\n<p class=\"font-claude-response-body break-words whitespace-pre-wrap leading-[1.7]\">Ottawa (Ontario) K1Y 2Y4<\/p>\n<p>&nbsp;<\/p>\n<p><strong>\u00a0<\/strong><strong>Conditions d\u2019admissibilit\u00e9:<\/strong><\/p>\n<ul>\n<li>Le candidat ou la candidate doit \u00eatre <strong>membre en<\/strong> <strong>r\u00e8gle depuis au moins deux ans <\/strong>avant la mise en candidature.<\/li>\n<li>Les membres peuvent nommer des candidates et des candidats de n\u2019importe quelle unit\u00e9.<\/li>\n<\/ul>\n<p><strong>S\u00e9lection des d\u00e9l\u00e9gu\u00e9s et des d\u00e9l\u00e9gu\u00e9es\u00a0:<\/strong><strong>\u00a0<\/strong><\/p>\n<ul>\n<li><strong>Seuls 5\u00a0membres <\/strong>seront \u00e9lus ou \u00e9lues comme d\u00e9l\u00e9gu\u00e9es ou d\u00e9l\u00e9gu\u00e9s.<\/li>\n<li>Les candidats et candidates <strong>ayant obtenu le plus grand nombre de voix apr\u00e8s les personnes \u00e9lues <\/strong>seront d\u00e9sign\u00e9s comme <strong>suppl\u00e9ants et suppl\u00e9antes.<\/strong><\/li>\n<\/ul>\n<p>Remarque\u00a0: <strong>le<\/strong> <strong>pr\u00e9sident et le directeur commercial <\/strong>exerceront les fonctions de d\u00e9l\u00e9gu\u00e9s en <strong>vertu de leurs fonctions. <\/strong>Tous les autres postes de d\u00e9l\u00e9gu\u00e9s et de d\u00e9l\u00e9gu\u00e9es seront pourvus dans le cadre de ce processus \u00e9lectoral<strong>.<\/strong><strong>\u00a0<\/strong><\/p>\n<p>Pour plus de d\u00e9tails, consultez les R\u00e8glements du syndicat local\u00a02228 ou contactez le secr\u00e9tariat.<strong>\u00a0<\/strong><\/p>\n<p>Faisons entendre notre voix lors du congr\u00e8s!<\/p>\n<p>&nbsp;<\/p>\n<p>En toute solidarit\u00e9,<\/p>\n<p>Jordan Wagg<\/p>\n<p>Secr\u00e9taire-archiviste<\/p>\n","protected":false},"excerpt":{"rendered":"<p>Ch\u00e8res et chers membres, \u00a0La section locale\u00a02228 accepte d\u00e9sormais les  [&#8230;]<\/p>\n","protected":false},"author":47,"featured_media":0,"comment_status":"open","ping_status":"open","sticky":false,"template":"","format":"standard","meta":{"_acf_changed":false,"footnotes":""},"categories":[2],"tags":[],"class_list":["post-2565","post","type-post","status-publish","format-standard","hentry","category-actualites"],"acf":[],"yoast_head":"<!-- This site is optimized with the Yoast SEO plugin v27.3 - https:\/\/yoast.com\/product\/yoast-seo-wordpress\/ -->\n<title>Appel \u00e0 candidatures pour les d\u00e9l\u00e9gu\u00e9s et d\u00e9l\u00e9gu\u00e9es \u2013 Congr\u00e8s international 2026 de la FIOE - IBEW-FIOE 2228<\/title>\n<meta name=\"description\" content=\"Ch\u00e8res et chers membres, \u00a0La section locale\u00a02228 accepte d\u00e9sormais les candidatures pour les d\u00e9l\u00e9gu\u00e9s et les d\u00e9l\u00e9gu\u00e9es qui repr\u00e9senteront notre syndicat\" \/>\n<meta name=\"robots\" content=\"index, follow, max-snippet:-1, max-image-preview:large, max-video-preview:-1\" \/>\n<link rel=\"canonical\" href=\"https:\/\/www.ibew-fioe2228.ca\/fr\/appel-a-candidatures-pour-les-delegues-et-deleguees-congres-international-2026-de-la-fioe\/\" \/>\n<meta property=\"og:locale\" content=\"fr_FR\" \/>\n<meta property=\"og:type\" content=\"article\" \/>\n<meta property=\"og:title\" content=\"Appel \u00e0 candidatures pour les d\u00e9l\u00e9gu\u00e9s et d\u00e9l\u00e9gu\u00e9es \u2013 Congr\u00e8s international 2026 de la FIOE - IBEW-FIOE 2228\" \/>\n<meta property=\"og:description\" content=\"Ch\u00e8res et chers membres, \u00a0La section locale\u00a02228 accepte d\u00e9sormais les candidatures pour les d\u00e9l\u00e9gu\u00e9s et les d\u00e9l\u00e9gu\u00e9es qui repr\u00e9senteront notre syndicat\" \/>\n<meta property=\"og:url\" content=\"https:\/\/www.ibew-fioe2228.ca\/fr\/appel-a-candidatures-pour-les-delegues-et-deleguees-congres-international-2026-de-la-fioe\/\" \/>\n<meta property=\"og:site_name\" content=\"IBEW-FIOE 2228\" \/>\n<meta property=\"article:published_time\" content=\"2026-03-03T14:36:43+00:00\" \/>\n<meta property=\"article:modified_time\" content=\"2026-03-04T19:49:34+00:00\" \/>\n<meta property=\"og:image\" content=\"https:\/\/www.ibew-fioe2228.ca\/wp-content\/uploads\/2023\/01\/logo-1.png\" \/>\n\t<meta property=\"og:image:width\" content=\"125\" \/>\n\t<meta property=\"og:image:height\" content=\"78\" \/>\n\t<meta property=\"og:image:type\" content=\"image\/png\" \/>\n<meta name=\"author\" content=\"Aryane Bertrand-Lavigne\" \/>\n<meta name=\"twitter:card\" content=\"summary_large_image\" \/>\n<meta name=\"twitter:label1\" content=\"\u00c9crit par\" \/>\n\t<meta name=\"twitter:data1\" content=\"Aryane Bertrand-Lavigne\" \/>\n\t<meta name=\"twitter:label2\" content=\"Dur\u00e9e de lecture estim\u00e9e\" \/>\n\t<meta name=\"twitter:data2\" content=\"2 minutes\" \/>\n<script type=\"application\/ld+json\" class=\"yoast-schema-graph\">{\"@context\":\"https:\\\/\\\/schema.org\",\"@graph\":[{\"@type\":\"Article\",\"@id\":\"https:\\\/\\\/www.ibew-fioe2228.ca\\\/fr\\\/appel-a-candidatures-pour-les-delegues-et-deleguees-congres-international-2026-de-la-fioe\\\/#article\",\"isPartOf\":{\"@id\":\"https:\\\/\\\/www.ibew-fioe2228.ca\\\/fr\\\/appel-a-candidatures-pour-les-delegues-et-deleguees-congres-international-2026-de-la-fioe\\\/\"},\"author\":{\"name\":\"Aryane Bertrand-Lavigne\",\"@id\":\"https:\\\/\\\/www.ibew-fioe2228.ca\\\/#\\\/schema\\\/person\\\/d819ef6acf02d4a87ab519fef5ffb655\"},\"headline\":\"Appel \u00e0 candidatures pour les d\u00e9l\u00e9gu\u00e9s et d\u00e9l\u00e9gu\u00e9es \u2013 Congr\u00e8s international 2026 de la FIOE\",\"datePublished\":\"2026-03-03T14:36:43+00:00\",\"dateModified\":\"2026-03-04T19:49:34+00:00\",\"mainEntityOfPage\":{\"@id\":\"https:\\\/\\\/www.ibew-fioe2228.ca\\\/fr\\\/appel-a-candidatures-pour-les-delegues-et-deleguees-congres-international-2026-de-la-fioe\\\/\"},\"wordCount\":382,\"commentCount\":0,\"publisher\":{\"@id\":\"https:\\\/\\\/www.ibew-fioe2228.ca\\\/#organization\"},\"articleSection\":[\"Actualit\u00e9s\"],\"inLanguage\":\"fr-FR\",\"potentialAction\":[{\"@type\":\"CommentAction\",\"name\":\"Comment\",\"target\":[\"https:\\\/\\\/www.ibew-fioe2228.ca\\\/fr\\\/appel-a-candidatures-pour-les-delegues-et-deleguees-congres-international-2026-de-la-fioe\\\/#respond\"]}]},{\"@type\":\"WebPage\",\"@id\":\"https:\\\/\\\/www.ibew-fioe2228.ca\\\/fr\\\/appel-a-candidatures-pour-les-delegues-et-deleguees-congres-international-2026-de-la-fioe\\\/\",\"url\":\"https:\\\/\\\/www.ibew-fioe2228.ca\\\/fr\\\/appel-a-candidatures-pour-les-delegues-et-deleguees-congres-international-2026-de-la-fioe\\\/\",\"name\":\"Appel \u00e0 candidatures pour les d\u00e9l\u00e9gu\u00e9s et d\u00e9l\u00e9gu\u00e9es \u2013 Congr\u00e8s international 2026 de la FIOE - IBEW-FIOE 2228\",\"isPartOf\":{\"@id\":\"https:\\\/\\\/www.ibew-fioe2228.ca\\\/#website\"},\"datePublished\":\"2026-03-03T14:36:43+00:00\",\"dateModified\":\"2026-03-04T19:49:34+00:00\",\"description\":\"Ch\u00e8res et chers membres, \u00a0La section locale\u00a02228 accepte d\u00e9sormais les candidatures pour les d\u00e9l\u00e9gu\u00e9s et les d\u00e9l\u00e9gu\u00e9es qui repr\u00e9senteront notre syndicat\",\"breadcrumb\":{\"@id\":\"https:\\\/\\\/www.ibew-fioe2228.ca\\\/fr\\\/appel-a-candidatures-pour-les-delegues-et-deleguees-congres-international-2026-de-la-fioe\\\/#breadcrumb\"},\"inLanguage\":\"fr-FR\",\"potentialAction\":[{\"@type\":\"ReadAction\",\"target\":[\"https:\\\/\\\/www.ibew-fioe2228.ca\\\/fr\\\/appel-a-candidatures-pour-les-delegues-et-deleguees-congres-international-2026-de-la-fioe\\\/\"]}]},{\"@type\":\"BreadcrumbList\",\"@id\":\"https:\\\/\\\/www.ibew-fioe2228.ca\\\/fr\\\/appel-a-candidatures-pour-les-delegues-et-deleguees-congres-international-2026-de-la-fioe\\\/#breadcrumb\",\"itemListElement\":[{\"@type\":\"ListItem\",\"position\":1,\"name\":\"Home\",\"item\":\"https:\\\/\\\/www.ibew-fioe2228.ca\\\/fr\\\/\"},{\"@type\":\"ListItem\",\"position\":2,\"name\":\"Actualit\u00e9s\",\"item\":\"https:\\\/\\\/www.ibew-fioe2228.ca\\\/fr\\\/category\\\/actualites\\\/\"},{\"@type\":\"ListItem\",\"position\":3,\"name\":\"Appel \u00e0 candidatures pour les d\u00e9l\u00e9gu\u00e9s et d\u00e9l\u00e9gu\u00e9es \u2013 Congr\u00e8s international 2026 de la FIOE\"}]},{\"@type\":\"WebSite\",\"@id\":\"https:\\\/\\\/www.ibew-fioe2228.ca\\\/#website\",\"url\":\"https:\\\/\\\/www.ibew-fioe2228.ca\\\/\",\"name\":\"IBEW-FIOE 2228\",\"description\":\"\",\"publisher\":{\"@id\":\"https:\\\/\\\/www.ibew-fioe2228.ca\\\/#organization\"},\"potentialAction\":[{\"@type\":\"SearchAction\",\"target\":{\"@type\":\"EntryPoint\",\"urlTemplate\":\"https:\\\/\\\/www.ibew-fioe2228.ca\\\/?s={search_term_string}\"},\"query-input\":{\"@type\":\"PropertyValueSpecification\",\"valueRequired\":true,\"valueName\":\"search_term_string\"}}],\"inLanguage\":\"fr-FR\"},{\"@type\":\"Organization\",\"@id\":\"https:\\\/\\\/www.ibew-fioe2228.ca\\\/#organization\",\"name\":\"IBEW-FIOE 2228\",\"url\":\"https:\\\/\\\/www.ibew-fioe2228.ca\\\/\",\"logo\":{\"@type\":\"ImageObject\",\"inLanguage\":\"fr-FR\",\"@id\":\"https:\\\/\\\/www.ibew-fioe2228.ca\\\/#\\\/schema\\\/logo\\\/image\\\/\",\"url\":\"https:\\\/\\\/www.ibew-fioe2228.ca\\\/wp-content\\\/uploads\\\/2023\\\/01\\\/logo-1.png\",\"contentUrl\":\"https:\\\/\\\/www.ibew-fioe2228.ca\\\/wp-content\\\/uploads\\\/2023\\\/01\\\/logo-1.png\",\"width\":125,\"height\":78,\"caption\":\"IBEW-FIOE 2228\"},\"image\":{\"@id\":\"https:\\\/\\\/www.ibew-fioe2228.ca\\\/#\\\/schema\\\/logo\\\/image\\\/\"}},{\"@type\":\"Person\",\"@id\":\"https:\\\/\\\/www.ibew-fioe2228.ca\\\/#\\\/schema\\\/person\\\/d819ef6acf02d4a87ab519fef5ffb655\",\"name\":\"Aryane Bertrand-Lavigne\",\"image\":{\"@type\":\"ImageObject\",\"inLanguage\":\"fr-FR\",\"@id\":\"https:\\\/\\\/secure.gravatar.com\\\/avatar\\\/61eac0bca1bb28a758240593a0c2468cf80a99b53b01fc487f10de0c24b536fe?s=96&d=mm&r=g\",\"url\":\"https:\\\/\\\/secure.gravatar.com\\\/avatar\\\/61eac0bca1bb28a758240593a0c2468cf80a99b53b01fc487f10de0c24b536fe?s=96&d=mm&r=g\",\"contentUrl\":\"https:\\\/\\\/secure.gravatar.com\\\/avatar\\\/61eac0bca1bb28a758240593a0c2468cf80a99b53b01fc487f10de0c24b536fe?s=96&d=mm&r=g\",\"caption\":\"Aryane Bertrand-Lavigne\"},\"url\":\"https:\\\/\\\/www.ibew-fioe2228.ca\\\/fr\\\/author\\\/aryane-bertrandlavigneibew2228-ca\\\/\"}]}<\/script>\n<!-- \/ Yoast SEO plugin. -->","yoast_head_json":{"title":"Appel \u00e0 candidatures pour les d\u00e9l\u00e9gu\u00e9s et d\u00e9l\u00e9gu\u00e9es \u2013 Congr\u00e8s international 2026 de la FIOE - IBEW-FIOE 2228","description":"Ch\u00e8res et chers membres, \u00a0La section locale\u00a02228 accepte d\u00e9sormais les candidatures pour les d\u00e9l\u00e9gu\u00e9s et les d\u00e9l\u00e9gu\u00e9es qui repr\u00e9senteront notre syndicat","robots":{"index":"index","follow":"follow","max-snippet":"max-snippet:-1","max-image-preview":"max-image-preview:large","max-video-preview":"max-video-preview:-1"},"canonical":"https:\/\/www.ibew-fioe2228.ca\/fr\/appel-a-candidatures-pour-les-delegues-et-deleguees-congres-international-2026-de-la-fioe\/","og_locale":"fr_FR","og_type":"article","og_title":"Appel \u00e0 candidatures pour les d\u00e9l\u00e9gu\u00e9s et d\u00e9l\u00e9gu\u00e9es \u2013 Congr\u00e8s international 2026 de la FIOE - IBEW-FIOE 2228","og_description":"Ch\u00e8res et chers membres, \u00a0La section locale\u00a02228 accepte d\u00e9sormais les candidatures pour les d\u00e9l\u00e9gu\u00e9s et les d\u00e9l\u00e9gu\u00e9es qui repr\u00e9senteront notre syndicat","og_url":"https:\/\/www.ibew-fioe2228.ca\/fr\/appel-a-candidatures-pour-les-delegues-et-deleguees-congres-international-2026-de-la-fioe\/","og_site_name":"IBEW-FIOE 2228","article_published_time":"2026-03-03T14:36:43+00:00","article_modified_time":"2026-03-04T19:49:34+00:00","og_image":[{"width":125,"height":78,"url":"https:\/\/www.ibew-fioe2228.ca\/wp-content\/uploads\/2023\/01\/logo-1.png","type":"image\/png"}],"author":"Aryane Bertrand-Lavigne","twitter_card":"summary_large_image","twitter_misc":{"\u00c9crit par":"Aryane Bertrand-Lavigne","Dur\u00e9e de lecture estim\u00e9e":"2 minutes"},"schema":{"@context":"https:\/\/schema.org","@graph":[{"@type":"Article","@id":"https:\/\/www.ibew-fioe2228.ca\/fr\/appel-a-candidatures-pour-les-delegues-et-deleguees-congres-international-2026-de-la-fioe\/#article","isPartOf":{"@id":"https:\/\/www.ibew-fioe2228.ca\/fr\/appel-a-candidatures-pour-les-delegues-et-deleguees-congres-international-2026-de-la-fioe\/"},"author":{"name":"Aryane Bertrand-Lavigne","@id":"https:\/\/www.ibew-fioe2228.ca\/#\/schema\/person\/d819ef6acf02d4a87ab519fef5ffb655"},"headline":"Appel \u00e0 candidatures pour les d\u00e9l\u00e9gu\u00e9s et d\u00e9l\u00e9gu\u00e9es \u2013 Congr\u00e8s international 2026 de la FIOE","datePublished":"2026-03-03T14:36:43+00:00","dateModified":"2026-03-04T19:49:34+00:00","mainEntityOfPage":{"@id":"https:\/\/www.ibew-fioe2228.ca\/fr\/appel-a-candidatures-pour-les-delegues-et-deleguees-congres-international-2026-de-la-fioe\/"},"wordCount":382,"commentCount":0,"publisher":{"@id":"https:\/\/www.ibew-fioe2228.ca\/#organization"},"articleSection":["Actualit\u00e9s"],"inLanguage":"fr-FR","potentialAction":[{"@type":"CommentAction","name":"Comment","target":["https:\/\/www.ibew-fioe2228.ca\/fr\/appel-a-candidatures-pour-les-delegues-et-deleguees-congres-international-2026-de-la-fioe\/#respond"]}]},{"@type":"WebPage","@id":"https:\/\/www.ibew-fioe2228.ca\/fr\/appel-a-candidatures-pour-les-delegues-et-deleguees-congres-international-2026-de-la-fioe\/","url":"https:\/\/www.ibew-fioe2228.ca\/fr\/appel-a-candidatures-pour-les-delegues-et-deleguees-congres-international-2026-de-la-fioe\/","name":"Appel \u00e0 candidatures pour les d\u00e9l\u00e9gu\u00e9s et d\u00e9l\u00e9gu\u00e9es \u2013 Congr\u00e8s international 2026 de la FIOE - IBEW-FIOE 2228","isPartOf":{"@id":"https:\/\/www.ibew-fioe2228.ca\/#website"},"datePublished":"2026-03-03T14:36:43+00:00","dateModified":"2026-03-04T19:49:34+00:00","description":"Ch\u00e8res et chers membres, \u00a0La section locale\u00a02228 accepte d\u00e9sormais les candidatures pour les d\u00e9l\u00e9gu\u00e9s et les d\u00e9l\u00e9gu\u00e9es qui repr\u00e9senteront notre syndicat","breadcrumb":{"@id":"https:\/\/www.ibew-fioe2228.ca\/fr\/appel-a-candidatures-pour-les-delegues-et-deleguees-congres-international-2026-de-la-fioe\/#breadcrumb"},"inLanguage":"fr-FR","potentialAction":[{"@type":"ReadAction","target":["https:\/\/www.ibew-fioe2228.ca\/fr\/appel-a-candidatures-pour-les-delegues-et-deleguees-congres-international-2026-de-la-fioe\/"]}]},{"@type":"BreadcrumbList","@id":"https:\/\/www.ibew-fioe2228.ca\/fr\/appel-a-candidatures-pour-les-delegues-et-deleguees-congres-international-2026-de-la-fioe\/#breadcrumb","itemListElement":[{"@type":"ListItem","position":1,"name":"Home","item":"https:\/\/www.ibew-fioe2228.ca\/fr\/"},{"@type":"ListItem","position":2,"name":"Actualit\u00e9s","item":"https:\/\/www.ibew-fioe2228.ca\/fr\/category\/actualites\/"},{"@type":"ListItem","position":3,"name":"Appel \u00e0 candidatures pour les d\u00e9l\u00e9gu\u00e9s et d\u00e9l\u00e9gu\u00e9es \u2013 Congr\u00e8s international 2026 de la FIOE"}]},{"@type":"WebSite","@id":"https:\/\/www.ibew-fioe2228.ca\/#website","url":"https:\/\/www.ibew-fioe2228.ca\/","name":"IBEW-FIOE 2228","description":"","publisher":{"@id":"https:\/\/www.ibew-fioe2228.ca\/#organization"},"potentialAction":[{"@type":"SearchAction","target":{"@type":"EntryPoint","urlTemplate":"https:\/\/www.ibew-fioe2228.ca\/?s={search_term_string}"},"query-input":{"@type":"PropertyValueSpecification","valueRequired":true,"valueName":"search_term_string"}}],"inLanguage":"fr-FR"},{"@type":"Organization","@id":"https:\/\/www.ibew-fioe2228.ca\/#organization","name":"IBEW-FIOE 2228","url":"https:\/\/www.ibew-fioe2228.ca\/","logo":{"@type":"ImageObject","inLanguage":"fr-FR","@id":"https:\/\/www.ibew-fioe2228.ca\/#\/schema\/logo\/image\/","url":"https:\/\/www.ibew-fioe2228.ca\/wp-content\/uploads\/2023\/01\/logo-1.png","contentUrl":"https:\/\/www.ibew-fioe2228.ca\/wp-content\/uploads\/2023\/01\/logo-1.png","width":125,"height":78,"caption":"IBEW-FIOE 2228"},"image":{"@id":"https:\/\/www.ibew-fioe2228.ca\/#\/schema\/logo\/image\/"}},{"@type":"Person","@id":"https:\/\/www.ibew-fioe2228.ca\/#\/schema\/person\/d819ef6acf02d4a87ab519fef5ffb655","name":"Aryane Bertrand-Lavigne","image":{"@type":"ImageObject","inLanguage":"fr-FR","@id":"https:\/\/secure.gravatar.com\/avatar\/61eac0bca1bb28a758240593a0c2468cf80a99b53b01fc487f10de0c24b536fe?s=96&d=mm&r=g","url":"https:\/\/secure.gravatar.com\/avatar\/61eac0bca1bb28a758240593a0c2468cf80a99b53b01fc487f10de0c24b536fe?s=96&d=mm&r=g","contentUrl":"https:\/\/secure.gravatar.com\/avatar\/61eac0bca1bb28a758240593a0c2468cf80a99b53b01fc487f10de0c24b536fe?s=96&d=mm&r=g","caption":"Aryane Bertrand-Lavigne"},"url":"https:\/\/www.ibew-fioe2228.ca\/fr\/author\/aryane-bertrandlavigneibew2228-ca\/"}]}},"_links":{"self":[{"href":"https:\/\/www.ibew-fioe2228.ca\/fr\/wp-json\/wp\/v2\/posts\/2565","targetHints":{"allow":["GET"]}}],"collection":[{"href":"https:\/\/www.ibew-fioe2228.ca\/fr\/wp-json\/wp\/v2\/posts"}],"about":[{"href":"https:\/\/www.ibew-fioe2228.ca\/fr\/wp-json\/wp\/v2\/types\/post"}],"author":[{"embeddable":true,"href":"https:\/\/www.ibew-fioe2228.ca\/fr\/wp-json\/wp\/v2\/users\/47"}],"replies":[{"embeddable":true,"href":"https:\/\/www.ibew-fioe2228.ca\/fr\/wp-json\/wp\/v2\/comments?post=2565"}],"version-history":[{"count":4,"href":"https:\/\/www.ibew-fioe2228.ca\/fr\/wp-json\/wp\/v2\/posts\/2565\/revisions"}],"predecessor-version":[{"id":2574,"href":"https:\/\/www.ibew-fioe2228.ca\/fr\/wp-json\/wp\/v2\/posts\/2565\/revisions\/2574"}],"wp:attachment":[{"href":"https:\/\/www.ibew-fioe2228.ca\/fr\/wp-json\/wp\/v2\/media?parent=2565"}],"wp:term":[{"taxonomy":"category","embeddable":true,"href":"https:\/\/www.ibew-fioe2228.ca\/fr\/wp-json\/wp\/v2\/categories?post=2565"},{"taxonomy":"post_tag","embeddable":true,"href":"https:\/\/www.ibew-fioe2228.ca\/fr\/wp-json\/wp\/v2\/tags?post=2565"}],"curies":[{"name":"wp","href":"https:\/\/api.w.org\/{rel}","templated":true}]}}