{"id":296,"date":"2022-11-04T08:54:34","date_gmt":"2022-11-04T08:54:34","guid":{"rendered":"https:\/\/ibew2228bpm.wpengine.com\/?p=296"},"modified":"2023-01-13T09:19:53","modified_gmt":"2023-01-13T09:19:53","slug":"nomination-dun-chef-delegue-syndical","status":"publish","type":"post","link":"https:\/\/www.ibew-fioe2228.ca\/fr\/nomination-dun-chef-delegue-syndical\/","title":{"rendered":"Nomination d\u2019un chef d\u00e9l\u00e9gu\u00e9 syndical"},"content":{"rendered":"<p>J&rsquo;ai le plaisir d&rsquo;annoncer la nomination de Tim Hooper au poste de chef d\u00e9l\u00e9gu\u00e9 syndical pour nos membres du gouvernement f\u00e9d\u00e9ral de la r\u00e9gion 1 (Maritimes et provinces de l&rsquo;Atlantique).<\/p>\n<p>Tim est un technologue qui travaille pour le minist\u00e8re des P\u00eaches et des Oc\u00e9ans \/ Garde c\u00f4ti\u00e8re canadienne \u00e0 Dartmouth, en Nouvelle-\u00c9cosse.<\/p>\n<p>Tim a acquis une exp\u00e9rience consid\u00e9rable dont le Bureau d&rsquo;affaires pourra b\u00e9n\u00e9ficier et il servira les membres avec distinction.<\/p>\n<p>Les coordonn\u00e9es du confr\u00e8re Hooper se trouvent ici <\/p>\n<p>En toute solidarit\u00e9,<\/p>\n<p>Le g\u00e9rant d\u2019affaires et secr\u00e9taire financier,<\/p>\n<p>Paul Cameron<\/p>\n","protected":false},"excerpt":{"rendered":"<p>J&rsquo;ai le plaisir d&rsquo;annoncer la nomination de Tim Hooper au  [&#8230;]<\/p>\n","protected":false},"author":1,"featured_media":0,"comment_status":"open","ping_status":"open","sticky":false,"template":"","format":"standard","meta":{"_acf_changed":false,"footnotes":""},"categories":[2],"tags":[],"class_list":["post-296","post","type-post","status-publish","format-standard","hentry","category-actualites"],"acf":[],"yoast_head":"<!-- This site is optimized with the Yoast SEO plugin v27.3 - https:\/\/yoast.com\/product\/yoast-seo-wordpress\/ -->\n<title>Nomination d\u2019un chef d\u00e9l\u00e9gu\u00e9 syndical- IBEW-FIOE 2228<\/title>\n<meta name=\"description\" content=\"J&#039;ai le plaisir d&#039;annoncer la nomination de Tim Hooper au poste de chef d\u00e9l\u00e9gu\u00e9 syndical pour nos membres du gouvernement f\u00e9d\u00e9ral de la r\u00e9gion 1\" \/>\n<meta name=\"robots\" content=\"index, follow, max-snippet:-1, max-image-preview:large, max-video-preview:-1\" \/>\n<link rel=\"canonical\" href=\"https:\/\/www.ibew-fioe2228.ca\/fr\/nomination-dun-chef-delegue-syndical\/\" \/>\n<meta property=\"og:locale\" content=\"fr_FR\" \/>\n<meta property=\"og:type\" content=\"article\" \/>\n<meta property=\"og:title\" content=\"Nomination d\u2019un chef d\u00e9l\u00e9gu\u00e9 syndical- IBEW-FIOE 2228\" \/>\n<meta property=\"og:description\" content=\"J&#039;ai le plaisir d&#039;annoncer la nomination de Tim Hooper au poste de chef d\u00e9l\u00e9gu\u00e9 syndical pour nos membres du gouvernement f\u00e9d\u00e9ral de la r\u00e9gion 1\" \/>\n<meta property=\"og:url\" content=\"https:\/\/www.ibew-fioe2228.ca\/fr\/nomination-dun-chef-delegue-syndical\/\" \/>\n<meta property=\"og:site_name\" content=\"IBEW-FIOE 2228\" \/>\n<meta property=\"article:published_time\" content=\"2022-11-04T08:54:34+00:00\" \/>\n<meta property=\"article:modified_time\" content=\"2023-01-13T09:19:53+00:00\" \/>\n<meta property=\"og:image\" content=\"https:\/\/www.ibew-fioe2228.ca\/wp-content\/uploads\/2023\/01\/logo-1.png\" \/>\n\t<meta property=\"og:image:width\" content=\"125\" \/>\n\t<meta property=\"og:image:height\" content=\"78\" \/>\n\t<meta property=\"og:image:type\" content=\"image\/png\" \/>\n<meta name=\"author\" content=\"ibew2228bpm\" \/>\n<meta name=\"twitter:card\" content=\"summary_large_image\" \/>\n<meta name=\"twitter:label1\" content=\"\u00c9crit par\" \/>\n\t<meta name=\"twitter:data1\" content=\"ibew2228bpm\" \/>\n\t<meta name=\"twitter:label2\" content=\"Dur\u00e9e de lecture estim\u00e9e\" \/>\n\t<meta name=\"twitter:data2\" content=\"1 minute\" \/>\n<script type=\"application\/ld+json\" class=\"yoast-schema-graph\">{\"@context\":\"https:\\\/\\\/schema.org\",\"@graph\":[{\"@type\":\"Article\",\"@id\":\"https:\\\/\\\/www.ibew-fioe2228.ca\\\/fr\\\/nomination-dun-chef-delegue-syndical\\\/#article\",\"isPartOf\":{\"@id\":\"https:\\\/\\\/www.ibew-fioe2228.ca\\\/fr\\\/nomination-dun-chef-delegue-syndical\\\/\"},\"author\":{\"name\":\"ibew2228bpm\",\"@id\":\"https:\\\/\\\/www.ibew-fioe2228.ca\\\/#\\\/schema\\\/person\\\/34550f793da56bfe79247dbe937e9592\"},\"headline\":\"Nomination d\u2019un chef d\u00e9l\u00e9gu\u00e9 syndical\",\"datePublished\":\"2022-11-04T08:54:34+00:00\",\"dateModified\":\"2023-01-13T09:19:53+00:00\",\"mainEntityOfPage\":{\"@id\":\"https:\\\/\\\/www.ibew-fioe2228.ca\\\/fr\\\/nomination-dun-chef-delegue-syndical\\\/\"},\"wordCount\":119,\"commentCount\":0,\"publisher\":{\"@id\":\"https:\\\/\\\/www.ibew-fioe2228.ca\\\/#organization\"},\"articleSection\":[\"Actualit\u00e9s\"],\"inLanguage\":\"fr-FR\",\"potentialAction\":[{\"@type\":\"CommentAction\",\"name\":\"Comment\",\"target\":[\"https:\\\/\\\/www.ibew-fioe2228.ca\\\/fr\\\/nomination-dun-chef-delegue-syndical\\\/#respond\"]}]},{\"@type\":\"WebPage\",\"@id\":\"https:\\\/\\\/www.ibew-fioe2228.ca\\\/fr\\\/nomination-dun-chef-delegue-syndical\\\/\",\"url\":\"https:\\\/\\\/www.ibew-fioe2228.ca\\\/fr\\\/nomination-dun-chef-delegue-syndical\\\/\",\"name\":\"Nomination d\u2019un chef d\u00e9l\u00e9gu\u00e9 syndical- IBEW-FIOE 2228\",\"isPartOf\":{\"@id\":\"https:\\\/\\\/www.ibew-fioe2228.ca\\\/#website\"},\"datePublished\":\"2022-11-04T08:54:34+00:00\",\"dateModified\":\"2023-01-13T09:19:53+00:00\",\"description\":\"J'ai le plaisir d'annoncer la nomination de Tim Hooper au poste de chef d\u00e9l\u00e9gu\u00e9 syndical pour nos membres du gouvernement f\u00e9d\u00e9ral de la r\u00e9gion 1\",\"breadcrumb\":{\"@id\":\"https:\\\/\\\/www.ibew-fioe2228.ca\\\/fr\\\/nomination-dun-chef-delegue-syndical\\\/#breadcrumb\"},\"inLanguage\":\"fr-FR\",\"potentialAction\":[{\"@type\":\"ReadAction\",\"target\":[\"https:\\\/\\\/www.ibew-fioe2228.ca\\\/fr\\\/nomination-dun-chef-delegue-syndical\\\/\"]}]},{\"@type\":\"BreadcrumbList\",\"@id\":\"https:\\\/\\\/www.ibew-fioe2228.ca\\\/fr\\\/nomination-dun-chef-delegue-syndical\\\/#breadcrumb\",\"itemListElement\":[{\"@type\":\"ListItem\",\"position\":1,\"name\":\"Home\",\"item\":\"https:\\\/\\\/www.ibew-fioe2228.ca\\\/fr\\\/\"},{\"@type\":\"ListItem\",\"position\":2,\"name\":\"Actualit\u00e9s\",\"item\":\"https:\\\/\\\/www.ibew-fioe2228.ca\\\/fr\\\/category\\\/actualites\\\/\"},{\"@type\":\"ListItem\",\"position\":3,\"name\":\"Nomination d\u2019un chef d\u00e9l\u00e9gu\u00e9 syndical\"}]},{\"@type\":\"WebSite\",\"@id\":\"https:\\\/\\\/www.ibew-fioe2228.ca\\\/#website\",\"url\":\"https:\\\/\\\/www.ibew-fioe2228.ca\\\/\",\"name\":\"IBEW-FIOE 2228\",\"description\":\"\",\"publisher\":{\"@id\":\"https:\\\/\\\/www.ibew-fioe2228.ca\\\/#organization\"},\"potentialAction\":[{\"@type\":\"SearchAction\",\"target\":{\"@type\":\"EntryPoint\",\"urlTemplate\":\"https:\\\/\\\/www.ibew-fioe2228.ca\\\/?s={search_term_string}\"},\"query-input\":{\"@type\":\"PropertyValueSpecification\",\"valueRequired\":true,\"valueName\":\"search_term_string\"}}],\"inLanguage\":\"fr-FR\"},{\"@type\":\"Organization\",\"@id\":\"https:\\\/\\\/www.ibew-fioe2228.ca\\\/#organization\",\"name\":\"IBEW-FIOE 2228\",\"url\":\"https:\\\/\\\/www.ibew-fioe2228.ca\\\/\",\"logo\":{\"@type\":\"ImageObject\",\"inLanguage\":\"fr-FR\",\"@id\":\"https:\\\/\\\/www.ibew-fioe2228.ca\\\/#\\\/schema\\\/logo\\\/image\\\/\",\"url\":\"https:\\\/\\\/www.ibew-fioe2228.ca\\\/wp-content\\\/uploads\\\/2023\\\/01\\\/logo-1.png\",\"contentUrl\":\"https:\\\/\\\/www.ibew-fioe2228.ca\\\/wp-content\\\/uploads\\\/2023\\\/01\\\/logo-1.png\",\"width\":125,\"height\":78,\"caption\":\"IBEW-FIOE 2228\"},\"image\":{\"@id\":\"https:\\\/\\\/www.ibew-fioe2228.ca\\\/#\\\/schema\\\/logo\\\/image\\\/\"}},{\"@type\":\"Person\",\"@id\":\"https:\\\/\\\/www.ibew-fioe2228.ca\\\/#\\\/schema\\\/person\\\/34550f793da56bfe79247dbe937e9592\",\"name\":\"ibew2228bpm\",\"image\":{\"@type\":\"ImageObject\",\"inLanguage\":\"fr-FR\",\"@id\":\"https:\\\/\\\/secure.gravatar.com\\\/avatar\\\/82b9846d65f3989772935a236cc1b91bd53ce8c06f4ebc5dd3fbfc44e405871f?s=96&d=mm&r=g\",\"url\":\"https:\\\/\\\/secure.gravatar.com\\\/avatar\\\/82b9846d65f3989772935a236cc1b91bd53ce8c06f4ebc5dd3fbfc44e405871f?s=96&d=mm&r=g\",\"contentUrl\":\"https:\\\/\\\/secure.gravatar.com\\\/avatar\\\/82b9846d65f3989772935a236cc1b91bd53ce8c06f4ebc5dd3fbfc44e405871f?s=96&d=mm&r=g\",\"caption\":\"ibew2228bpm\"},\"sameAs\":[\"https:\\\/\\\/www.ibew-fioe2228.ca\"],\"url\":\"https:\\\/\\\/www.ibew-fioe2228.ca\\\/fr\\\/author\\\/ibew2228bpm\\\/\"}]}<\/script>\n<!-- \/ Yoast SEO plugin. -->","yoast_head_json":{"title":"Nomination d\u2019un chef d\u00e9l\u00e9gu\u00e9 syndical- IBEW-FIOE 2228","description":"J'ai le plaisir d'annoncer la nomination de Tim Hooper au poste de chef d\u00e9l\u00e9gu\u00e9 syndical pour nos membres du gouvernement f\u00e9d\u00e9ral de la r\u00e9gion 1","robots":{"index":"index","follow":"follow","max-snippet":"max-snippet:-1","max-image-preview":"max-image-preview:large","max-video-preview":"max-video-preview:-1"},"canonical":"https:\/\/www.ibew-fioe2228.ca\/fr\/nomination-dun-chef-delegue-syndical\/","og_locale":"fr_FR","og_type":"article","og_title":"Nomination d\u2019un chef d\u00e9l\u00e9gu\u00e9 syndical- IBEW-FIOE 2228","og_description":"J'ai le plaisir d'annoncer la nomination de Tim Hooper au poste de chef d\u00e9l\u00e9gu\u00e9 syndical pour nos membres du gouvernement f\u00e9d\u00e9ral de la r\u00e9gion 1","og_url":"https:\/\/www.ibew-fioe2228.ca\/fr\/nomination-dun-chef-delegue-syndical\/","og_site_name":"IBEW-FIOE 2228","article_published_time":"2022-11-04T08:54:34+00:00","article_modified_time":"2023-01-13T09:19:53+00:00","og_image":[{"width":125,"height":78,"url":"https:\/\/www.ibew-fioe2228.ca\/wp-content\/uploads\/2023\/01\/logo-1.png","type":"image\/png"}],"author":"ibew2228bpm","twitter_card":"summary_large_image","twitter_misc":{"\u00c9crit par":"ibew2228bpm","Dur\u00e9e de lecture estim\u00e9e":"1 minute"},"schema":{"@context":"https:\/\/schema.org","@graph":[{"@type":"Article","@id":"https:\/\/www.ibew-fioe2228.ca\/fr\/nomination-dun-chef-delegue-syndical\/#article","isPartOf":{"@id":"https:\/\/www.ibew-fioe2228.ca\/fr\/nomination-dun-chef-delegue-syndical\/"},"author":{"name":"ibew2228bpm","@id":"https:\/\/www.ibew-fioe2228.ca\/#\/schema\/person\/34550f793da56bfe79247dbe937e9592"},"headline":"Nomination d\u2019un chef d\u00e9l\u00e9gu\u00e9 syndical","datePublished":"2022-11-04T08:54:34+00:00","dateModified":"2023-01-13T09:19:53+00:00","mainEntityOfPage":{"@id":"https:\/\/www.ibew-fioe2228.ca\/fr\/nomination-dun-chef-delegue-syndical\/"},"wordCount":119,"commentCount":0,"publisher":{"@id":"https:\/\/www.ibew-fioe2228.ca\/#organization"},"articleSection":["Actualit\u00e9s"],"inLanguage":"fr-FR","potentialAction":[{"@type":"CommentAction","name":"Comment","target":["https:\/\/www.ibew-fioe2228.ca\/fr\/nomination-dun-chef-delegue-syndical\/#respond"]}]},{"@type":"WebPage","@id":"https:\/\/www.ibew-fioe2228.ca\/fr\/nomination-dun-chef-delegue-syndical\/","url":"https:\/\/www.ibew-fioe2228.ca\/fr\/nomination-dun-chef-delegue-syndical\/","name":"Nomination d\u2019un chef d\u00e9l\u00e9gu\u00e9 syndical- IBEW-FIOE 2228","isPartOf":{"@id":"https:\/\/www.ibew-fioe2228.ca\/#website"},"datePublished":"2022-11-04T08:54:34+00:00","dateModified":"2023-01-13T09:19:53+00:00","description":"J'ai le plaisir d'annoncer la nomination de Tim Hooper au poste de chef d\u00e9l\u00e9gu\u00e9 syndical pour nos membres du gouvernement f\u00e9d\u00e9ral de la r\u00e9gion 1","breadcrumb":{"@id":"https:\/\/www.ibew-fioe2228.ca\/fr\/nomination-dun-chef-delegue-syndical\/#breadcrumb"},"inLanguage":"fr-FR","potentialAction":[{"@type":"ReadAction","target":["https:\/\/www.ibew-fioe2228.ca\/fr\/nomination-dun-chef-delegue-syndical\/"]}]},{"@type":"BreadcrumbList","@id":"https:\/\/www.ibew-fioe2228.ca\/fr\/nomination-dun-chef-delegue-syndical\/#breadcrumb","itemListElement":[{"@type":"ListItem","position":1,"name":"Home","item":"https:\/\/www.ibew-fioe2228.ca\/fr\/"},{"@type":"ListItem","position":2,"name":"Actualit\u00e9s","item":"https:\/\/www.ibew-fioe2228.ca\/fr\/category\/actualites\/"},{"@type":"ListItem","position":3,"name":"Nomination d\u2019un chef d\u00e9l\u00e9gu\u00e9 syndical"}]},{"@type":"WebSite","@id":"https:\/\/www.ibew-fioe2228.ca\/#website","url":"https:\/\/www.ibew-fioe2228.ca\/","name":"IBEW-FIOE 2228","description":"","publisher":{"@id":"https:\/\/www.ibew-fioe2228.ca\/#organization"},"potentialAction":[{"@type":"SearchAction","target":{"@type":"EntryPoint","urlTemplate":"https:\/\/www.ibew-fioe2228.ca\/?s={search_term_string}"},"query-input":{"@type":"PropertyValueSpecification","valueRequired":true,"valueName":"search_term_string"}}],"inLanguage":"fr-FR"},{"@type":"Organization","@id":"https:\/\/www.ibew-fioe2228.ca\/#organization","name":"IBEW-FIOE 2228","url":"https:\/\/www.ibew-fioe2228.ca\/","logo":{"@type":"ImageObject","inLanguage":"fr-FR","@id":"https:\/\/www.ibew-fioe2228.ca\/#\/schema\/logo\/image\/","url":"https:\/\/www.ibew-fioe2228.ca\/wp-content\/uploads\/2023\/01\/logo-1.png","contentUrl":"https:\/\/www.ibew-fioe2228.ca\/wp-content\/uploads\/2023\/01\/logo-1.png","width":125,"height":78,"caption":"IBEW-FIOE 2228"},"image":{"@id":"https:\/\/www.ibew-fioe2228.ca\/#\/schema\/logo\/image\/"}},{"@type":"Person","@id":"https:\/\/www.ibew-fioe2228.ca\/#\/schema\/person\/34550f793da56bfe79247dbe937e9592","name":"ibew2228bpm","image":{"@type":"ImageObject","inLanguage":"fr-FR","@id":"https:\/\/secure.gravatar.com\/avatar\/82b9846d65f3989772935a236cc1b91bd53ce8c06f4ebc5dd3fbfc44e405871f?s=96&d=mm&r=g","url":"https:\/\/secure.gravatar.com\/avatar\/82b9846d65f3989772935a236cc1b91bd53ce8c06f4ebc5dd3fbfc44e405871f?s=96&d=mm&r=g","contentUrl":"https:\/\/secure.gravatar.com\/avatar\/82b9846d65f3989772935a236cc1b91bd53ce8c06f4ebc5dd3fbfc44e405871f?s=96&d=mm&r=g","caption":"ibew2228bpm"},"sameAs":["https:\/\/www.ibew-fioe2228.ca"],"url":"https:\/\/www.ibew-fioe2228.ca\/fr\/author\/ibew2228bpm\/"}]}},"_links":{"self":[{"href":"https:\/\/www.ibew-fioe2228.ca\/fr\/wp-json\/wp\/v2\/posts\/296","targetHints":{"allow":["GET"]}}],"collection":[{"href":"https:\/\/www.ibew-fioe2228.ca\/fr\/wp-json\/wp\/v2\/posts"}],"about":[{"href":"https:\/\/www.ibew-fioe2228.ca\/fr\/wp-json\/wp\/v2\/types\/post"}],"author":[{"embeddable":true,"href":"https:\/\/www.ibew-fioe2228.ca\/fr\/wp-json\/wp\/v2\/users\/1"}],"replies":[{"embeddable":true,"href":"https:\/\/www.ibew-fioe2228.ca\/fr\/wp-json\/wp\/v2\/comments?post=296"}],"version-history":[{"count":0,"href":"https:\/\/www.ibew-fioe2228.ca\/fr\/wp-json\/wp\/v2\/posts\/296\/revisions"}],"wp:attachment":[{"href":"https:\/\/www.ibew-fioe2228.ca\/fr\/wp-json\/wp\/v2\/media?parent=296"}],"wp:term":[{"taxonomy":"category","embeddable":true,"href":"https:\/\/www.ibew-fioe2228.ca\/fr\/wp-json\/wp\/v2\/categories?post=296"},{"taxonomy":"post_tag","embeddable":true,"href":"https:\/\/www.ibew-fioe2228.ca\/fr\/wp-json\/wp\/v2\/tags?post=296"}],"curies":[{"name":"wp","href":"https:\/\/api.w.org\/{rel}","templated":true}]}}