{"id":801,"date":"2023-06-30T13:56:14","date_gmt":"2023-06-30T13:56:14","guid":{"rendered":"https:\/\/www.ibew-fioe2228.ca\/?p=801"},"modified":"2023-07-18T14:00:39","modified_gmt":"2023-07-18T14:00:39","slug":"comite-directeur-national-nav-canada","status":"publish","type":"post","link":"https:\/\/www.ibew-fioe2228.ca\/fr\/comite-directeur-national-nav-canada\/","title":{"rendered":"Comit\u00e9 Directeur National \u2013 Nav Canada"},"content":{"rendered":"<p>Membres de la FIOE 2228,<\/p>\n<p>Le Comit\u00e9 Directeur National de n\u00e9gociation avec Nav Canada a termin\u00e9 ses travaux le 23 juin. Je tiens \u00e0 remercier tous les membres impliqu\u00e9s dans ce processus. Des membres qui ont soumis des propositions, aux membres qui ont si\u00e9g\u00e9 \u00e0 des comit\u00e9s directeurs locaux ou r\u00e9gionaux et enfin aux membres qui ont si\u00e9g\u00e9 \u00e0 ce comit\u00e9 national. Je suis convaincu que les propositions, class\u00e9es avec de nombreux commentaires ajout\u00e9s, guideront notre \u00e9quipe de n\u00e9gociation pour am\u00e9liorer la convention collective de tous les membres de Nav Canada lorsque les n\u00e9gociations commenceront cet automne.<\/p>\n<p>Je souhaite bonne chance \u00e0 notre \u00e9quipe de n\u00e9gociation dans la t\u00e2che qui les attend maintenant.<\/p>\n<p>En solidarit\u00e9<br \/>\nJeff Wendt<br \/>\nPr\u00e9sident de la FIOE 2228<\/p>\n","protected":false},"excerpt":{"rendered":"<p>Membres de la FIOE 2228, Le Comit\u00e9 Directeur National de  [&#8230;]<\/p>\n","protected":false},"author":1,"featured_media":0,"comment_status":"open","ping_status":"open","sticky":false,"template":"","format":"standard","meta":{"_acf_changed":false,"footnotes":""},"categories":[2,45],"tags":[],"class_list":["post-801","post","type-post","status-publish","format-standard","hentry","category-actualites","category-unite-de-negociation-nav-canada"],"acf":[],"yoast_head":"<!-- This site is optimized with the Yoast SEO plugin v27.3 - https:\/\/yoast.com\/product\/yoast-seo-wordpress\/ -->\n<title>Comit\u00e9 Directeur National \u2013 Nav Canada - IBEW-FIOE 2228<\/title>\n<meta name=\"description\" content=\"Membres de la FIOE 2228, Le Comit\u00e9 Directeur National de n\u00e9gociation avec Nav Canada a termin\u00e9 ses travaux le 23 juin. Je tiens \u00e0 remercier tous les\" \/>\n<meta name=\"robots\" content=\"index, follow, max-snippet:-1, max-image-preview:large, max-video-preview:-1\" \/>\n<link rel=\"canonical\" href=\"https:\/\/www.ibew-fioe2228.ca\/fr\/comite-directeur-national-nav-canada\/\" \/>\n<meta property=\"og:locale\" content=\"fr_FR\" \/>\n<meta property=\"og:type\" content=\"article\" \/>\n<meta property=\"og:title\" content=\"Comit\u00e9 Directeur National \u2013 Nav Canada - IBEW-FIOE 2228\" \/>\n<meta property=\"og:description\" content=\"Membres de la FIOE 2228, Le Comit\u00e9 Directeur National de n\u00e9gociation avec Nav Canada a termin\u00e9 ses travaux le 23 juin. Je tiens \u00e0 remercier tous les\" \/>\n<meta property=\"og:url\" content=\"https:\/\/www.ibew-fioe2228.ca\/fr\/comite-directeur-national-nav-canada\/\" \/>\n<meta property=\"og:site_name\" content=\"IBEW-FIOE 2228\" \/>\n<meta property=\"article:published_time\" content=\"2023-06-30T13:56:14+00:00\" \/>\n<meta property=\"article:modified_time\" content=\"2023-07-18T14:00:39+00:00\" \/>\n<meta property=\"og:image\" content=\"https:\/\/www.ibew-fioe2228.ca\/wp-content\/uploads\/2023\/01\/logo-1.png\" \/>\n\t<meta property=\"og:image:width\" content=\"125\" \/>\n\t<meta property=\"og:image:height\" content=\"78\" \/>\n\t<meta property=\"og:image:type\" content=\"image\/png\" \/>\n<meta name=\"author\" content=\"ibew2228bpm\" \/>\n<meta name=\"twitter:card\" content=\"summary_large_image\" \/>\n<meta name=\"twitter:label1\" content=\"\u00c9crit par\" \/>\n\t<meta name=\"twitter:data1\" content=\"ibew2228bpm\" \/>\n\t<meta name=\"twitter:label2\" content=\"Dur\u00e9e de lecture estim\u00e9e\" \/>\n\t<meta name=\"twitter:data2\" content=\"1 minute\" \/>\n<script type=\"application\/ld+json\" class=\"yoast-schema-graph\">{\"@context\":\"https:\\\/\\\/schema.org\",\"@graph\":[{\"@type\":\"Article\",\"@id\":\"https:\\\/\\\/www.ibew-fioe2228.ca\\\/fr\\\/comite-directeur-national-nav-canada\\\/#article\",\"isPartOf\":{\"@id\":\"https:\\\/\\\/www.ibew-fioe2228.ca\\\/fr\\\/comite-directeur-national-nav-canada\\\/\"},\"author\":{\"name\":\"ibew2228bpm\",\"@id\":\"https:\\\/\\\/www.ibew-fioe2228.ca\\\/#\\\/schema\\\/person\\\/34550f793da56bfe79247dbe937e9592\"},\"headline\":\"Comit\u00e9 Directeur National \u2013 Nav Canada\",\"datePublished\":\"2023-06-30T13:56:14+00:00\",\"dateModified\":\"2023-07-18T14:00:39+00:00\",\"mainEntityOfPage\":{\"@id\":\"https:\\\/\\\/www.ibew-fioe2228.ca\\\/fr\\\/comite-directeur-national-nav-canada\\\/\"},\"wordCount\":134,\"commentCount\":0,\"publisher\":{\"@id\":\"https:\\\/\\\/www.ibew-fioe2228.ca\\\/#organization\"},\"articleSection\":[\"Actualit\u00e9s\",\"Unit\u00e9 de N\u00e9gociation - Nav Canada\"],\"inLanguage\":\"fr-FR\",\"potentialAction\":[{\"@type\":\"CommentAction\",\"name\":\"Comment\",\"target\":[\"https:\\\/\\\/www.ibew-fioe2228.ca\\\/fr\\\/comite-directeur-national-nav-canada\\\/#respond\"]}]},{\"@type\":\"WebPage\",\"@id\":\"https:\\\/\\\/www.ibew-fioe2228.ca\\\/fr\\\/comite-directeur-national-nav-canada\\\/\",\"url\":\"https:\\\/\\\/www.ibew-fioe2228.ca\\\/fr\\\/comite-directeur-national-nav-canada\\\/\",\"name\":\"Comit\u00e9 Directeur National \u2013 Nav Canada - IBEW-FIOE 2228\",\"isPartOf\":{\"@id\":\"https:\\\/\\\/www.ibew-fioe2228.ca\\\/#website\"},\"datePublished\":\"2023-06-30T13:56:14+00:00\",\"dateModified\":\"2023-07-18T14:00:39+00:00\",\"description\":\"Membres de la FIOE 2228, Le Comit\u00e9 Directeur National de n\u00e9gociation avec Nav Canada a termin\u00e9 ses travaux le 23 juin. Je tiens \u00e0 remercier tous les\",\"breadcrumb\":{\"@id\":\"https:\\\/\\\/www.ibew-fioe2228.ca\\\/fr\\\/comite-directeur-national-nav-canada\\\/#breadcrumb\"},\"inLanguage\":\"fr-FR\",\"potentialAction\":[{\"@type\":\"ReadAction\",\"target\":[\"https:\\\/\\\/www.ibew-fioe2228.ca\\\/fr\\\/comite-directeur-national-nav-canada\\\/\"]}]},{\"@type\":\"BreadcrumbList\",\"@id\":\"https:\\\/\\\/www.ibew-fioe2228.ca\\\/fr\\\/comite-directeur-national-nav-canada\\\/#breadcrumb\",\"itemListElement\":[{\"@type\":\"ListItem\",\"position\":1,\"name\":\"Home\",\"item\":\"https:\\\/\\\/www.ibew-fioe2228.ca\\\/fr\\\/\"},{\"@type\":\"ListItem\",\"position\":2,\"name\":\"Actualit\u00e9s\",\"item\":\"https:\\\/\\\/www.ibew-fioe2228.ca\\\/fr\\\/category\\\/actualites\\\/\"},{\"@type\":\"ListItem\",\"position\":3,\"name\":\"Comit\u00e9 Directeur National \u2013 Nav Canada\"}]},{\"@type\":\"WebSite\",\"@id\":\"https:\\\/\\\/www.ibew-fioe2228.ca\\\/#website\",\"url\":\"https:\\\/\\\/www.ibew-fioe2228.ca\\\/\",\"name\":\"IBEW-FIOE 2228\",\"description\":\"\",\"publisher\":{\"@id\":\"https:\\\/\\\/www.ibew-fioe2228.ca\\\/#organization\"},\"potentialAction\":[{\"@type\":\"SearchAction\",\"target\":{\"@type\":\"EntryPoint\",\"urlTemplate\":\"https:\\\/\\\/www.ibew-fioe2228.ca\\\/?s={search_term_string}\"},\"query-input\":{\"@type\":\"PropertyValueSpecification\",\"valueRequired\":true,\"valueName\":\"search_term_string\"}}],\"inLanguage\":\"fr-FR\"},{\"@type\":\"Organization\",\"@id\":\"https:\\\/\\\/www.ibew-fioe2228.ca\\\/#organization\",\"name\":\"IBEW-FIOE 2228\",\"url\":\"https:\\\/\\\/www.ibew-fioe2228.ca\\\/\",\"logo\":{\"@type\":\"ImageObject\",\"inLanguage\":\"fr-FR\",\"@id\":\"https:\\\/\\\/www.ibew-fioe2228.ca\\\/#\\\/schema\\\/logo\\\/image\\\/\",\"url\":\"https:\\\/\\\/www.ibew-fioe2228.ca\\\/wp-content\\\/uploads\\\/2023\\\/01\\\/logo-1.png\",\"contentUrl\":\"https:\\\/\\\/www.ibew-fioe2228.ca\\\/wp-content\\\/uploads\\\/2023\\\/01\\\/logo-1.png\",\"width\":125,\"height\":78,\"caption\":\"IBEW-FIOE 2228\"},\"image\":{\"@id\":\"https:\\\/\\\/www.ibew-fioe2228.ca\\\/#\\\/schema\\\/logo\\\/image\\\/\"}},{\"@type\":\"Person\",\"@id\":\"https:\\\/\\\/www.ibew-fioe2228.ca\\\/#\\\/schema\\\/person\\\/34550f793da56bfe79247dbe937e9592\",\"name\":\"ibew2228bpm\",\"image\":{\"@type\":\"ImageObject\",\"inLanguage\":\"fr-FR\",\"@id\":\"https:\\\/\\\/secure.gravatar.com\\\/avatar\\\/82b9846d65f3989772935a236cc1b91bd53ce8c06f4ebc5dd3fbfc44e405871f?s=96&d=mm&r=g\",\"url\":\"https:\\\/\\\/secure.gravatar.com\\\/avatar\\\/82b9846d65f3989772935a236cc1b91bd53ce8c06f4ebc5dd3fbfc44e405871f?s=96&d=mm&r=g\",\"contentUrl\":\"https:\\\/\\\/secure.gravatar.com\\\/avatar\\\/82b9846d65f3989772935a236cc1b91bd53ce8c06f4ebc5dd3fbfc44e405871f?s=96&d=mm&r=g\",\"caption\":\"ibew2228bpm\"},\"sameAs\":[\"https:\\\/\\\/www.ibew-fioe2228.ca\"],\"url\":\"https:\\\/\\\/www.ibew-fioe2228.ca\\\/fr\\\/author\\\/ibew2228bpm\\\/\"}]}<\/script>\n<!-- \/ Yoast SEO plugin. -->","yoast_head_json":{"title":"Comit\u00e9 Directeur National \u2013 Nav Canada - IBEW-FIOE 2228","description":"Membres de la FIOE 2228, Le Comit\u00e9 Directeur National de n\u00e9gociation avec Nav Canada a termin\u00e9 ses travaux le 23 juin. Je tiens \u00e0 remercier tous les","robots":{"index":"index","follow":"follow","max-snippet":"max-snippet:-1","max-image-preview":"max-image-preview:large","max-video-preview":"max-video-preview:-1"},"canonical":"https:\/\/www.ibew-fioe2228.ca\/fr\/comite-directeur-national-nav-canada\/","og_locale":"fr_FR","og_type":"article","og_title":"Comit\u00e9 Directeur National \u2013 Nav Canada - IBEW-FIOE 2228","og_description":"Membres de la FIOE 2228, Le Comit\u00e9 Directeur National de n\u00e9gociation avec Nav Canada a termin\u00e9 ses travaux le 23 juin. Je tiens \u00e0 remercier tous les","og_url":"https:\/\/www.ibew-fioe2228.ca\/fr\/comite-directeur-national-nav-canada\/","og_site_name":"IBEW-FIOE 2228","article_published_time":"2023-06-30T13:56:14+00:00","article_modified_time":"2023-07-18T14:00:39+00:00","og_image":[{"width":125,"height":78,"url":"https:\/\/www.ibew-fioe2228.ca\/wp-content\/uploads\/2023\/01\/logo-1.png","type":"image\/png"}],"author":"ibew2228bpm","twitter_card":"summary_large_image","twitter_misc":{"\u00c9crit par":"ibew2228bpm","Dur\u00e9e de lecture estim\u00e9e":"1 minute"},"schema":{"@context":"https:\/\/schema.org","@graph":[{"@type":"Article","@id":"https:\/\/www.ibew-fioe2228.ca\/fr\/comite-directeur-national-nav-canada\/#article","isPartOf":{"@id":"https:\/\/www.ibew-fioe2228.ca\/fr\/comite-directeur-national-nav-canada\/"},"author":{"name":"ibew2228bpm","@id":"https:\/\/www.ibew-fioe2228.ca\/#\/schema\/person\/34550f793da56bfe79247dbe937e9592"},"headline":"Comit\u00e9 Directeur National \u2013 Nav Canada","datePublished":"2023-06-30T13:56:14+00:00","dateModified":"2023-07-18T14:00:39+00:00","mainEntityOfPage":{"@id":"https:\/\/www.ibew-fioe2228.ca\/fr\/comite-directeur-national-nav-canada\/"},"wordCount":134,"commentCount":0,"publisher":{"@id":"https:\/\/www.ibew-fioe2228.ca\/#organization"},"articleSection":["Actualit\u00e9s","Unit\u00e9 de N\u00e9gociation - Nav Canada"],"inLanguage":"fr-FR","potentialAction":[{"@type":"CommentAction","name":"Comment","target":["https:\/\/www.ibew-fioe2228.ca\/fr\/comite-directeur-national-nav-canada\/#respond"]}]},{"@type":"WebPage","@id":"https:\/\/www.ibew-fioe2228.ca\/fr\/comite-directeur-national-nav-canada\/","url":"https:\/\/www.ibew-fioe2228.ca\/fr\/comite-directeur-national-nav-canada\/","name":"Comit\u00e9 Directeur National \u2013 Nav Canada - IBEW-FIOE 2228","isPartOf":{"@id":"https:\/\/www.ibew-fioe2228.ca\/#website"},"datePublished":"2023-06-30T13:56:14+00:00","dateModified":"2023-07-18T14:00:39+00:00","description":"Membres de la FIOE 2228, Le Comit\u00e9 Directeur National de n\u00e9gociation avec Nav Canada a termin\u00e9 ses travaux le 23 juin. Je tiens \u00e0 remercier tous les","breadcrumb":{"@id":"https:\/\/www.ibew-fioe2228.ca\/fr\/comite-directeur-national-nav-canada\/#breadcrumb"},"inLanguage":"fr-FR","potentialAction":[{"@type":"ReadAction","target":["https:\/\/www.ibew-fioe2228.ca\/fr\/comite-directeur-national-nav-canada\/"]}]},{"@type":"BreadcrumbList","@id":"https:\/\/www.ibew-fioe2228.ca\/fr\/comite-directeur-national-nav-canada\/#breadcrumb","itemListElement":[{"@type":"ListItem","position":1,"name":"Home","item":"https:\/\/www.ibew-fioe2228.ca\/fr\/"},{"@type":"ListItem","position":2,"name":"Actualit\u00e9s","item":"https:\/\/www.ibew-fioe2228.ca\/fr\/category\/actualites\/"},{"@type":"ListItem","position":3,"name":"Comit\u00e9 Directeur National \u2013 Nav Canada"}]},{"@type":"WebSite","@id":"https:\/\/www.ibew-fioe2228.ca\/#website","url":"https:\/\/www.ibew-fioe2228.ca\/","name":"IBEW-FIOE 2228","description":"","publisher":{"@id":"https:\/\/www.ibew-fioe2228.ca\/#organization"},"potentialAction":[{"@type":"SearchAction","target":{"@type":"EntryPoint","urlTemplate":"https:\/\/www.ibew-fioe2228.ca\/?s={search_term_string}"},"query-input":{"@type":"PropertyValueSpecification","valueRequired":true,"valueName":"search_term_string"}}],"inLanguage":"fr-FR"},{"@type":"Organization","@id":"https:\/\/www.ibew-fioe2228.ca\/#organization","name":"IBEW-FIOE 2228","url":"https:\/\/www.ibew-fioe2228.ca\/","logo":{"@type":"ImageObject","inLanguage":"fr-FR","@id":"https:\/\/www.ibew-fioe2228.ca\/#\/schema\/logo\/image\/","url":"https:\/\/www.ibew-fioe2228.ca\/wp-content\/uploads\/2023\/01\/logo-1.png","contentUrl":"https:\/\/www.ibew-fioe2228.ca\/wp-content\/uploads\/2023\/01\/logo-1.png","width":125,"height":78,"caption":"IBEW-FIOE 2228"},"image":{"@id":"https:\/\/www.ibew-fioe2228.ca\/#\/schema\/logo\/image\/"}},{"@type":"Person","@id":"https:\/\/www.ibew-fioe2228.ca\/#\/schema\/person\/34550f793da56bfe79247dbe937e9592","name":"ibew2228bpm","image":{"@type":"ImageObject","inLanguage":"fr-FR","@id":"https:\/\/secure.gravatar.com\/avatar\/82b9846d65f3989772935a236cc1b91bd53ce8c06f4ebc5dd3fbfc44e405871f?s=96&d=mm&r=g","url":"https:\/\/secure.gravatar.com\/avatar\/82b9846d65f3989772935a236cc1b91bd53ce8c06f4ebc5dd3fbfc44e405871f?s=96&d=mm&r=g","contentUrl":"https:\/\/secure.gravatar.com\/avatar\/82b9846d65f3989772935a236cc1b91bd53ce8c06f4ebc5dd3fbfc44e405871f?s=96&d=mm&r=g","caption":"ibew2228bpm"},"sameAs":["https:\/\/www.ibew-fioe2228.ca"],"url":"https:\/\/www.ibew-fioe2228.ca\/fr\/author\/ibew2228bpm\/"}]}},"_links":{"self":[{"href":"https:\/\/www.ibew-fioe2228.ca\/fr\/wp-json\/wp\/v2\/posts\/801","targetHints":{"allow":["GET"]}}],"collection":[{"href":"https:\/\/www.ibew-fioe2228.ca\/fr\/wp-json\/wp\/v2\/posts"}],"about":[{"href":"https:\/\/www.ibew-fioe2228.ca\/fr\/wp-json\/wp\/v2\/types\/post"}],"author":[{"embeddable":true,"href":"https:\/\/www.ibew-fioe2228.ca\/fr\/wp-json\/wp\/v2\/users\/1"}],"replies":[{"embeddable":true,"href":"https:\/\/www.ibew-fioe2228.ca\/fr\/wp-json\/wp\/v2\/comments?post=801"}],"version-history":[{"count":1,"href":"https:\/\/www.ibew-fioe2228.ca\/fr\/wp-json\/wp\/v2\/posts\/801\/revisions"}],"predecessor-version":[{"id":802,"href":"https:\/\/www.ibew-fioe2228.ca\/fr\/wp-json\/wp\/v2\/posts\/801\/revisions\/802"}],"wp:attachment":[{"href":"https:\/\/www.ibew-fioe2228.ca\/fr\/wp-json\/wp\/v2\/media?parent=801"}],"wp:term":[{"taxonomy":"category","embeddable":true,"href":"https:\/\/www.ibew-fioe2228.ca\/fr\/wp-json\/wp\/v2\/categories?post=801"},{"taxonomy":"post_tag","embeddable":true,"href":"https:\/\/www.ibew-fioe2228.ca\/fr\/wp-json\/wp\/v2\/tags?post=801"}],"curies":[{"name":"wp","href":"https:\/\/api.w.org\/{rel}","templated":true}]}}