{"id":991,"date":"2023-11-07T14:39:21","date_gmt":"2023-11-07T14:39:21","guid":{"rendered":"https:\/\/www.ibew-fioe2228.ca\/?p=991"},"modified":"2023-11-07T14:38:59","modified_gmt":"2023-11-07T14:38:59","slug":"deuxieme-mise-a-jour-sur-les-negociations-avec-nav-canada","status":"publish","type":"post","link":"https:\/\/www.ibew-fioe2228.ca\/fr\/deuxieme-mise-a-jour-sur-les-negociations-avec-nav-canada\/","title":{"rendered":"Deuxi\u00e8me mise \u00e0 jour sur les n\u00e9gociations avec NAV CANADA"},"content":{"rendered":"<p>L&rsquo;\u00e9quipe de n\u00e9gociation de la section locale 2228 de l\u2019FIOE a rencontr\u00e9 Nav Canada du 31 octobre au 3 novembre.<\/p>\n<p>&nbsp;<\/p>\n<p>La section locale a d\u00e9pos\u00e9 plusieurs propositions concernant un certain nombre de sujets, notamment les vacances, les cong\u00e9s personnels, les heures suppl\u00e9mentaires et l&rsquo;affichage des horaires des quarts de travail. L&rsquo;\u00e9quipe a \u00e9galement continu\u00e9 \u00e0 travailler \u00e0 l&rsquo;\u00e9laboration de propositions concernant la dotation en personnel et les programmes de comp\u00e9tences.<\/p>\n<p>&nbsp;<\/p>\n<p>L&#8217;employeur a d\u00e9pos\u00e9 des propositions concernant les horaires, la dotation et les cong\u00e9s, et a fait une pr\u00e9sentation sur l\u2019\u00e9tat du r\u00e9gime de retraite de Nav Canada.<\/p>\n<p>&nbsp;<\/p>\n<p>L&rsquo;\u00e9quipe de n\u00e9gociation de la section locale a travaill\u00e9 sur de nombreux sujets difficiles et a \u00e9labor\u00e9 de nombreuses propositions solides qui feront l&rsquo;objet de discussions plus approfondies au cours de la prochaine semaine de n\u00e9gociation avec l&#8217;employeur.<\/p>\n<p>&nbsp;<\/p>\n<p>Des progr\u00e8s ont \u00e9t\u00e9 r\u00e9alis\u00e9s sur certains points administratifs de l&rsquo;entente; toutefois, l&rsquo;\u00e9quipe de n\u00e9gociation de la section locale s&rsquo;efforcera de parvenir \u00e0 un consensus avec l&#8217;employeur sur un certain nombre de points qui ont \u00e9t\u00e9 d\u00e9pos\u00e9s au cours de la s\u00e9ance suivante.<\/p>\n<p>&nbsp;<\/p>\n<p>L&rsquo;\u00e9quipe de la section locale rencontrera l&#8217;employeur la semaine du 20 novembre pour poursuivre les n\u00e9gociations.<\/p>\n<p>&nbsp;<\/p>\n<p>Si vous avez des questions ou des pr\u00e9occupations, n&rsquo;h\u00e9sitez pas \u00e0 nous envoyer un message \u00e0 <a href=\"mailto:office@IBEW2228.ca\">office@IBEW2228.ca<\/a> et nous prendrons rendez-vous avec vous. Comme nous l&rsquo;avons mentionn\u00e9, si nous recevons plusieurs demandes, nous organiserons une t\u00e9l\u00e9conf\u00e9rence.<\/p>\n<p>&nbsp;<\/p>\n<p>En toute solidarit\u00e9,<\/p>\n<p>&nbsp;<\/p>\n<p>La g\u00e9rante d\u2019affaires adjointe,<\/p>\n<p>Meaghan Olmstead<\/p>\n","protected":false},"excerpt":{"rendered":"<p>L&rsquo;\u00e9quipe de n\u00e9gociation de la section locale 2228 de l\u2019FIOE  [&#8230;]<\/p>\n","protected":false},"author":47,"featured_media":0,"comment_status":"open","ping_status":"open","sticky":false,"template":"","format":"standard","meta":{"_acf_changed":false,"footnotes":""},"categories":[45],"tags":[],"class_list":["post-991","post","type-post","status-publish","format-standard","hentry","category-unite-de-negociation-nav-canada"],"acf":[],"yoast_head":"<!-- This site is optimized with the Yoast SEO plugin v27.3 - https:\/\/yoast.com\/product\/yoast-seo-wordpress\/ -->\n<title>Deuxi\u00e8me mise \u00e0 jour sur les n\u00e9gociations avec NAV CANADA - IBEW-FIOE 2228<\/title>\n<meta name=\"description\" content=\"L&#039;\u00e9quipe de n\u00e9gociation de la section locale 2228 de l\u2019FIOE a rencontr\u00e9 Nav Canada du 31 octobre au 3 novembre. &nbsp; La section locale a d\u00e9pos\u00e9\" \/>\n<meta name=\"robots\" content=\"index, follow, max-snippet:-1, max-image-preview:large, max-video-preview:-1\" \/>\n<link rel=\"canonical\" href=\"https:\/\/www.ibew-fioe2228.ca\/fr\/deuxieme-mise-a-jour-sur-les-negociations-avec-nav-canada\/\" \/>\n<meta property=\"og:locale\" content=\"fr_FR\" \/>\n<meta property=\"og:type\" content=\"article\" \/>\n<meta property=\"og:title\" content=\"Deuxi\u00e8me mise \u00e0 jour sur les n\u00e9gociations avec NAV CANADA - IBEW-FIOE 2228\" \/>\n<meta property=\"og:description\" content=\"L&#039;\u00e9quipe de n\u00e9gociation de la section locale 2228 de l\u2019FIOE a rencontr\u00e9 Nav Canada du 31 octobre au 3 novembre. &nbsp; La section locale a d\u00e9pos\u00e9\" \/>\n<meta property=\"og:url\" content=\"https:\/\/www.ibew-fioe2228.ca\/fr\/deuxieme-mise-a-jour-sur-les-negociations-avec-nav-canada\/\" \/>\n<meta property=\"og:site_name\" content=\"IBEW-FIOE 2228\" \/>\n<meta property=\"article:published_time\" content=\"2023-11-07T14:39:21+00:00\" \/>\n<meta property=\"og:image\" content=\"https:\/\/www.ibew-fioe2228.ca\/wp-content\/uploads\/2023\/01\/logo-1.png\" \/>\n\t<meta property=\"og:image:width\" content=\"125\" \/>\n\t<meta property=\"og:image:height\" content=\"78\" \/>\n\t<meta property=\"og:image:type\" content=\"image\/png\" \/>\n<meta name=\"author\" content=\"Aryane Bertrand-Lavigne\" \/>\n<meta name=\"twitter:card\" content=\"summary_large_image\" \/>\n<meta name=\"twitter:label1\" content=\"\u00c9crit par\" \/>\n\t<meta name=\"twitter:data1\" content=\"Aryane Bertrand-Lavigne\" \/>\n\t<meta name=\"twitter:label2\" content=\"Dur\u00e9e de lecture estim\u00e9e\" \/>\n\t<meta name=\"twitter:data2\" content=\"2 minutes\" \/>\n<script type=\"application\/ld+json\" class=\"yoast-schema-graph\">{\"@context\":\"https:\\\/\\\/schema.org\",\"@graph\":[{\"@type\":\"Article\",\"@id\":\"https:\\\/\\\/www.ibew-fioe2228.ca\\\/fr\\\/deuxieme-mise-a-jour-sur-les-negociations-avec-nav-canada\\\/#article\",\"isPartOf\":{\"@id\":\"https:\\\/\\\/www.ibew-fioe2228.ca\\\/fr\\\/deuxieme-mise-a-jour-sur-les-negociations-avec-nav-canada\\\/\"},\"author\":{\"name\":\"Aryane Bertrand-Lavigne\",\"@id\":\"https:\\\/\\\/www.ibew-fioe2228.ca\\\/#\\\/schema\\\/person\\\/d819ef6acf02d4a87ab519fef5ffb655\"},\"headline\":\"Deuxi\u00e8me mise \u00e0 jour sur les n\u00e9gociations avec NAV CANADA\",\"datePublished\":\"2023-11-07T14:39:21+00:00\",\"mainEntityOfPage\":{\"@id\":\"https:\\\/\\\/www.ibew-fioe2228.ca\\\/fr\\\/deuxieme-mise-a-jour-sur-les-negociations-avec-nav-canada\\\/\"},\"wordCount\":295,\"commentCount\":0,\"publisher\":{\"@id\":\"https:\\\/\\\/www.ibew-fioe2228.ca\\\/#organization\"},\"articleSection\":[\"Unit\u00e9 de N\u00e9gociation - Nav Canada\"],\"inLanguage\":\"fr-FR\",\"potentialAction\":[{\"@type\":\"CommentAction\",\"name\":\"Comment\",\"target\":[\"https:\\\/\\\/www.ibew-fioe2228.ca\\\/fr\\\/deuxieme-mise-a-jour-sur-les-negociations-avec-nav-canada\\\/#respond\"]}]},{\"@type\":\"WebPage\",\"@id\":\"https:\\\/\\\/www.ibew-fioe2228.ca\\\/fr\\\/deuxieme-mise-a-jour-sur-les-negociations-avec-nav-canada\\\/\",\"url\":\"https:\\\/\\\/www.ibew-fioe2228.ca\\\/fr\\\/deuxieme-mise-a-jour-sur-les-negociations-avec-nav-canada\\\/\",\"name\":\"Deuxi\u00e8me mise \u00e0 jour sur les n\u00e9gociations avec NAV CANADA - IBEW-FIOE 2228\",\"isPartOf\":{\"@id\":\"https:\\\/\\\/www.ibew-fioe2228.ca\\\/#website\"},\"datePublished\":\"2023-11-07T14:39:21+00:00\",\"description\":\"L'\u00e9quipe de n\u00e9gociation de la section locale 2228 de l\u2019FIOE a rencontr\u00e9 Nav Canada du 31 octobre au 3 novembre. &nbsp; La section locale a d\u00e9pos\u00e9\",\"breadcrumb\":{\"@id\":\"https:\\\/\\\/www.ibew-fioe2228.ca\\\/fr\\\/deuxieme-mise-a-jour-sur-les-negociations-avec-nav-canada\\\/#breadcrumb\"},\"inLanguage\":\"fr-FR\",\"potentialAction\":[{\"@type\":\"ReadAction\",\"target\":[\"https:\\\/\\\/www.ibew-fioe2228.ca\\\/fr\\\/deuxieme-mise-a-jour-sur-les-negociations-avec-nav-canada\\\/\"]}]},{\"@type\":\"BreadcrumbList\",\"@id\":\"https:\\\/\\\/www.ibew-fioe2228.ca\\\/fr\\\/deuxieme-mise-a-jour-sur-les-negociations-avec-nav-canada\\\/#breadcrumb\",\"itemListElement\":[{\"@type\":\"ListItem\",\"position\":1,\"name\":\"Home\",\"item\":\"https:\\\/\\\/www.ibew-fioe2228.ca\\\/fr\\\/\"},{\"@type\":\"ListItem\",\"position\":2,\"name\":\"Unit\u00e9 de N\u00e9gociation - Nav Canada\",\"item\":\"https:\\\/\\\/www.ibew-fioe2228.ca\\\/fr\\\/category\\\/unite-de-negociation-nav-canada\\\/\"},{\"@type\":\"ListItem\",\"position\":3,\"name\":\"Deuxi\u00e8me mise \u00e0 jour sur les n\u00e9gociations avec NAV CANADA\"}]},{\"@type\":\"WebSite\",\"@id\":\"https:\\\/\\\/www.ibew-fioe2228.ca\\\/#website\",\"url\":\"https:\\\/\\\/www.ibew-fioe2228.ca\\\/\",\"name\":\"IBEW-FIOE 2228\",\"description\":\"\",\"publisher\":{\"@id\":\"https:\\\/\\\/www.ibew-fioe2228.ca\\\/#organization\"},\"potentialAction\":[{\"@type\":\"SearchAction\",\"target\":{\"@type\":\"EntryPoint\",\"urlTemplate\":\"https:\\\/\\\/www.ibew-fioe2228.ca\\\/?s={search_term_string}\"},\"query-input\":{\"@type\":\"PropertyValueSpecification\",\"valueRequired\":true,\"valueName\":\"search_term_string\"}}],\"inLanguage\":\"fr-FR\"},{\"@type\":\"Organization\",\"@id\":\"https:\\\/\\\/www.ibew-fioe2228.ca\\\/#organization\",\"name\":\"IBEW-FIOE 2228\",\"url\":\"https:\\\/\\\/www.ibew-fioe2228.ca\\\/\",\"logo\":{\"@type\":\"ImageObject\",\"inLanguage\":\"fr-FR\",\"@id\":\"https:\\\/\\\/www.ibew-fioe2228.ca\\\/#\\\/schema\\\/logo\\\/image\\\/\",\"url\":\"https:\\\/\\\/www.ibew-fioe2228.ca\\\/wp-content\\\/uploads\\\/2023\\\/01\\\/logo-1.png\",\"contentUrl\":\"https:\\\/\\\/www.ibew-fioe2228.ca\\\/wp-content\\\/uploads\\\/2023\\\/01\\\/logo-1.png\",\"width\":125,\"height\":78,\"caption\":\"IBEW-FIOE 2228\"},\"image\":{\"@id\":\"https:\\\/\\\/www.ibew-fioe2228.ca\\\/#\\\/schema\\\/logo\\\/image\\\/\"}},{\"@type\":\"Person\",\"@id\":\"https:\\\/\\\/www.ibew-fioe2228.ca\\\/#\\\/schema\\\/person\\\/d819ef6acf02d4a87ab519fef5ffb655\",\"name\":\"Aryane Bertrand-Lavigne\",\"image\":{\"@type\":\"ImageObject\",\"inLanguage\":\"fr-FR\",\"@id\":\"https:\\\/\\\/secure.gravatar.com\\\/avatar\\\/61eac0bca1bb28a758240593a0c2468cf80a99b53b01fc487f10de0c24b536fe?s=96&d=mm&r=g\",\"url\":\"https:\\\/\\\/secure.gravatar.com\\\/avatar\\\/61eac0bca1bb28a758240593a0c2468cf80a99b53b01fc487f10de0c24b536fe?s=96&d=mm&r=g\",\"contentUrl\":\"https:\\\/\\\/secure.gravatar.com\\\/avatar\\\/61eac0bca1bb28a758240593a0c2468cf80a99b53b01fc487f10de0c24b536fe?s=96&d=mm&r=g\",\"caption\":\"Aryane Bertrand-Lavigne\"},\"url\":\"https:\\\/\\\/www.ibew-fioe2228.ca\\\/fr\\\/author\\\/aryane-bertrandlavigneibew2228-ca\\\/\"}]}<\/script>\n<!-- \/ Yoast SEO plugin. -->","yoast_head_json":{"title":"Deuxi\u00e8me mise \u00e0 jour sur les n\u00e9gociations avec NAV CANADA - IBEW-FIOE 2228","description":"L'\u00e9quipe de n\u00e9gociation de la section locale 2228 de l\u2019FIOE a rencontr\u00e9 Nav Canada du 31 octobre au 3 novembre. &nbsp; La section locale a d\u00e9pos\u00e9","robots":{"index":"index","follow":"follow","max-snippet":"max-snippet:-1","max-image-preview":"max-image-preview:large","max-video-preview":"max-video-preview:-1"},"canonical":"https:\/\/www.ibew-fioe2228.ca\/fr\/deuxieme-mise-a-jour-sur-les-negociations-avec-nav-canada\/","og_locale":"fr_FR","og_type":"article","og_title":"Deuxi\u00e8me mise \u00e0 jour sur les n\u00e9gociations avec NAV CANADA - IBEW-FIOE 2228","og_description":"L'\u00e9quipe de n\u00e9gociation de la section locale 2228 de l\u2019FIOE a rencontr\u00e9 Nav Canada du 31 octobre au 3 novembre. &nbsp; La section locale a d\u00e9pos\u00e9","og_url":"https:\/\/www.ibew-fioe2228.ca\/fr\/deuxieme-mise-a-jour-sur-les-negociations-avec-nav-canada\/","og_site_name":"IBEW-FIOE 2228","article_published_time":"2023-11-07T14:39:21+00:00","og_image":[{"width":125,"height":78,"url":"https:\/\/www.ibew-fioe2228.ca\/wp-content\/uploads\/2023\/01\/logo-1.png","type":"image\/png"}],"author":"Aryane Bertrand-Lavigne","twitter_card":"summary_large_image","twitter_misc":{"\u00c9crit par":"Aryane Bertrand-Lavigne","Dur\u00e9e de lecture estim\u00e9e":"2 minutes"},"schema":{"@context":"https:\/\/schema.org","@graph":[{"@type":"Article","@id":"https:\/\/www.ibew-fioe2228.ca\/fr\/deuxieme-mise-a-jour-sur-les-negociations-avec-nav-canada\/#article","isPartOf":{"@id":"https:\/\/www.ibew-fioe2228.ca\/fr\/deuxieme-mise-a-jour-sur-les-negociations-avec-nav-canada\/"},"author":{"name":"Aryane Bertrand-Lavigne","@id":"https:\/\/www.ibew-fioe2228.ca\/#\/schema\/person\/d819ef6acf02d4a87ab519fef5ffb655"},"headline":"Deuxi\u00e8me mise \u00e0 jour sur les n\u00e9gociations avec NAV CANADA","datePublished":"2023-11-07T14:39:21+00:00","mainEntityOfPage":{"@id":"https:\/\/www.ibew-fioe2228.ca\/fr\/deuxieme-mise-a-jour-sur-les-negociations-avec-nav-canada\/"},"wordCount":295,"commentCount":0,"publisher":{"@id":"https:\/\/www.ibew-fioe2228.ca\/#organization"},"articleSection":["Unit\u00e9 de N\u00e9gociation - Nav Canada"],"inLanguage":"fr-FR","potentialAction":[{"@type":"CommentAction","name":"Comment","target":["https:\/\/www.ibew-fioe2228.ca\/fr\/deuxieme-mise-a-jour-sur-les-negociations-avec-nav-canada\/#respond"]}]},{"@type":"WebPage","@id":"https:\/\/www.ibew-fioe2228.ca\/fr\/deuxieme-mise-a-jour-sur-les-negociations-avec-nav-canada\/","url":"https:\/\/www.ibew-fioe2228.ca\/fr\/deuxieme-mise-a-jour-sur-les-negociations-avec-nav-canada\/","name":"Deuxi\u00e8me mise \u00e0 jour sur les n\u00e9gociations avec NAV CANADA - IBEW-FIOE 2228","isPartOf":{"@id":"https:\/\/www.ibew-fioe2228.ca\/#website"},"datePublished":"2023-11-07T14:39:21+00:00","description":"L'\u00e9quipe de n\u00e9gociation de la section locale 2228 de l\u2019FIOE a rencontr\u00e9 Nav Canada du 31 octobre au 3 novembre. &nbsp; La section locale a d\u00e9pos\u00e9","breadcrumb":{"@id":"https:\/\/www.ibew-fioe2228.ca\/fr\/deuxieme-mise-a-jour-sur-les-negociations-avec-nav-canada\/#breadcrumb"},"inLanguage":"fr-FR","potentialAction":[{"@type":"ReadAction","target":["https:\/\/www.ibew-fioe2228.ca\/fr\/deuxieme-mise-a-jour-sur-les-negociations-avec-nav-canada\/"]}]},{"@type":"BreadcrumbList","@id":"https:\/\/www.ibew-fioe2228.ca\/fr\/deuxieme-mise-a-jour-sur-les-negociations-avec-nav-canada\/#breadcrumb","itemListElement":[{"@type":"ListItem","position":1,"name":"Home","item":"https:\/\/www.ibew-fioe2228.ca\/fr\/"},{"@type":"ListItem","position":2,"name":"Unit\u00e9 de N\u00e9gociation - Nav Canada","item":"https:\/\/www.ibew-fioe2228.ca\/fr\/category\/unite-de-negociation-nav-canada\/"},{"@type":"ListItem","position":3,"name":"Deuxi\u00e8me mise \u00e0 jour sur les n\u00e9gociations avec NAV CANADA"}]},{"@type":"WebSite","@id":"https:\/\/www.ibew-fioe2228.ca\/#website","url":"https:\/\/www.ibew-fioe2228.ca\/","name":"IBEW-FIOE 2228","description":"","publisher":{"@id":"https:\/\/www.ibew-fioe2228.ca\/#organization"},"potentialAction":[{"@type":"SearchAction","target":{"@type":"EntryPoint","urlTemplate":"https:\/\/www.ibew-fioe2228.ca\/?s={search_term_string}"},"query-input":{"@type":"PropertyValueSpecification","valueRequired":true,"valueName":"search_term_string"}}],"inLanguage":"fr-FR"},{"@type":"Organization","@id":"https:\/\/www.ibew-fioe2228.ca\/#organization","name":"IBEW-FIOE 2228","url":"https:\/\/www.ibew-fioe2228.ca\/","logo":{"@type":"ImageObject","inLanguage":"fr-FR","@id":"https:\/\/www.ibew-fioe2228.ca\/#\/schema\/logo\/image\/","url":"https:\/\/www.ibew-fioe2228.ca\/wp-content\/uploads\/2023\/01\/logo-1.png","contentUrl":"https:\/\/www.ibew-fioe2228.ca\/wp-content\/uploads\/2023\/01\/logo-1.png","width":125,"height":78,"caption":"IBEW-FIOE 2228"},"image":{"@id":"https:\/\/www.ibew-fioe2228.ca\/#\/schema\/logo\/image\/"}},{"@type":"Person","@id":"https:\/\/www.ibew-fioe2228.ca\/#\/schema\/person\/d819ef6acf02d4a87ab519fef5ffb655","name":"Aryane Bertrand-Lavigne","image":{"@type":"ImageObject","inLanguage":"fr-FR","@id":"https:\/\/secure.gravatar.com\/avatar\/61eac0bca1bb28a758240593a0c2468cf80a99b53b01fc487f10de0c24b536fe?s=96&d=mm&r=g","url":"https:\/\/secure.gravatar.com\/avatar\/61eac0bca1bb28a758240593a0c2468cf80a99b53b01fc487f10de0c24b536fe?s=96&d=mm&r=g","contentUrl":"https:\/\/secure.gravatar.com\/avatar\/61eac0bca1bb28a758240593a0c2468cf80a99b53b01fc487f10de0c24b536fe?s=96&d=mm&r=g","caption":"Aryane Bertrand-Lavigne"},"url":"https:\/\/www.ibew-fioe2228.ca\/fr\/author\/aryane-bertrandlavigneibew2228-ca\/"}]}},"_links":{"self":[{"href":"https:\/\/www.ibew-fioe2228.ca\/fr\/wp-json\/wp\/v2\/posts\/991","targetHints":{"allow":["GET"]}}],"collection":[{"href":"https:\/\/www.ibew-fioe2228.ca\/fr\/wp-json\/wp\/v2\/posts"}],"about":[{"href":"https:\/\/www.ibew-fioe2228.ca\/fr\/wp-json\/wp\/v2\/types\/post"}],"author":[{"embeddable":true,"href":"https:\/\/www.ibew-fioe2228.ca\/fr\/wp-json\/wp\/v2\/users\/47"}],"replies":[{"embeddable":true,"href":"https:\/\/www.ibew-fioe2228.ca\/fr\/wp-json\/wp\/v2\/comments?post=991"}],"version-history":[{"count":1,"href":"https:\/\/www.ibew-fioe2228.ca\/fr\/wp-json\/wp\/v2\/posts\/991\/revisions"}],"predecessor-version":[{"id":992,"href":"https:\/\/www.ibew-fioe2228.ca\/fr\/wp-json\/wp\/v2\/posts\/991\/revisions\/992"}],"wp:attachment":[{"href":"https:\/\/www.ibew-fioe2228.ca\/fr\/wp-json\/wp\/v2\/media?parent=991"}],"wp:term":[{"taxonomy":"category","embeddable":true,"href":"https:\/\/www.ibew-fioe2228.ca\/fr\/wp-json\/wp\/v2\/categories?post=991"},{"taxonomy":"post_tag","embeddable":true,"href":"https:\/\/www.ibew-fioe2228.ca\/fr\/wp-json\/wp\/v2\/tags?post=991"}],"curies":[{"name":"wp","href":"https:\/\/api.w.org\/{rel}","templated":true}]}}